{"id":137116,"date":"2025-07-04T13:01:18","date_gmt":"2025-07-04T19:01:18","guid":{"rendered":"https:\/\/diariodigitalmx.com\/?p=137116"},"modified":"2025-07-04T13:07:55","modified_gmt":"2025-07-04T19:07:55","slug":"enterate-asi-cambio-su-gabinete-samuel-garcia","status":"publish","type":"post","link":"https:\/\/diariodigitalmx.com\/index.php\/2025\/07\/04\/enterate-asi-cambio-su-gabinete-samuel-garcia\/","title":{"rendered":"Ent\u00e9rate, as\u00ed cambi\u00f3 su gabinete Samuel Garc\u00eda"},"content":{"rendered":"\n<p>Monterrey .&nbsp; &#8211;&nbsp; A tres meses de cumplir cuatro a\u00f1os en el cargo, el gobernador de Nuevo Le\u00f3n, Samuel Garc\u00eda Sep\u00falveda realiz\u00f3 ajustes al gabinete y coloc\u00f3 en la Secretar\u00eda General de Gobierno a Miguel Flores, hombre de todas sus confianzas.<\/p>\n\n\n\n<p>El pasado 11 de junio Flores solicit\u00f3 licencia a su cargo de diputado local donde era coordinador de la bancada de Movimiento Ciudadano.<\/p>\n\n\n\n<p>Javier Navarro quien era el Secretario de Gobierno&nbsp; seguir\u00e1 en la administraci\u00f3n como coordinador del&nbsp;<strong>Gabinete de Buen Gobierno<\/strong>.<\/p>\n\n\n\n<p>Sobre este funcionario, el gobernador alab\u00f3 su trabajo en la Secretar\u00eda General, y&nbsp; a\u00f1adio que, ahora tendr\u00e1 un campo de acci\u00f3n m\u00e1s amplio.<\/p>\n\n\n\n<p>&#8220;Me acepta nombrarlo coordinador del Gabinete de Buen Gobierno, me va a estar ayudando tambi\u00e9n con temas de la Contralor\u00eda, de Tesorer\u00eda y por supuesto de Seguridad&#8221;.<\/p>\n\n\n\n<p>Y al nuevo Secretario de Gobierno le dio el primer encargo de mejorar el transporte p\u00fablico&nbsp; que atraviesa una crisis aunque el tema corresponde a la Secretar\u00eda de Movilidad.<\/p>\n\n\n\n<p>&#8220;Le he pedido que a partir de ya se tiene que notar un desdoble en el transporte p\u00fablico, no me queda duda que va a hacer un gran trabajo&#8221;.<\/p>\n\n\n\n<p>En otros cambios &nbsp;<strong>Sofialeticia Morales<\/strong>&nbsp;sale de la&nbsp;<strong>Secretar\u00eda de Educaci\u00f3n<\/strong>, para ir a una nueva coordinaci\u00f3n, que han llamado de Ecosistema Ejecutiva Legado Nuevo Le\u00f3n.<\/p>\n\n\n\n<p>Al frente de la Secretar\u00eda dw Educaci\u00f3n est\u00e1 ahora&nbsp;<strong>Juan Paura<\/strong>, que la semana pasada renunci\u00f3 a la Secretar\u00eda General de la Universidad Aut\u00f3noma de NuevoLe\u00f3n.<\/p>\n\n\n\n<p>En&nbsp;<strong>Econom\u00eda<\/strong>&nbsp;nombr\u00f3 a&nbsp;<strong>Betsab\u00e9 Rocha<\/strong>, dependencia donde Emmanuel Loo estaba encargado del despacho.<\/p>\n\n\n\n<p>Finalmente, Mariela Sald\u00edvar&nbsp; es la nueva titular de la Oficina de la Gubernatura, en sustituci\u00f3n de Eduardo Gaona que ahora es diputado Federal ya que era el suplente de Ra\u00fal Lozano que asumi\u00f3 la Secretar\u00eda de Medio Ambiente.<\/p>\n","protected":false},"excerpt":{"rendered":"<p>Monterrey .&nbsp; &#8211;&nbsp; A tres meses de cumplir cuatro a\u00f1os en el cargo, el gobernador de Nuevo Le\u00f3n, Samuel Garc\u00eda Sep\u00falveda realiz\u00f3 ajustes al gabinete y coloc\u00f3 en la Secretar\u00eda General de Gobierno a Miguel Flores, hombre de todas sus confianzas. El pasado 11 de junio Flores solicit\u00f3 licencia a su cargo de diputado local [&hellip;]<\/p>\n","protected":false},"author":1,"featured_media":137120,"comment_status":"open","ping_status":"open","sticky":false,"template":"","format":"standard","meta":{"footnotes":""},"categories":[6,3,5],"tags":[],"_links":{"self":[{"href":"https:\/\/diariodigitalmx.com\/index.php\/wp-json\/wp\/v2\/posts\/137116"}],"collection":[{"href":"https:\/\/diariodigitalmx.com\/index.php\/wp-json\/wp\/v2\/posts"}],"about":[{"href":"https:\/\/diariodigitalmx.com\/index.php\/wp-json\/wp\/v2\/types\/post"}],"author":[{"embeddable":true,"href":"https:\/\/diariodigitalmx.com\/index.php\/wp-json\/wp\/v2\/users\/1"}],"replies":[{"embeddable":true,"href":"https:\/\/diariodigitalmx.com\/index.php\/wp-json\/wp\/v2\/comments?post=137116"}],"version-history":[{"count":1,"href":"https:\/\/diariodigitalmx.com\/index.php\/wp-json\/wp\/v2\/posts\/137116\/revisions"}],"predecessor-version":[{"id":137117,"href":"https:\/\/diariodigitalmx.com\/index.php\/wp-json\/wp\/v2\/posts\/137116\/revisions\/137117"}],"wp:featuredmedia":[{"embeddable":true,"href":"https:\/\/diariodigitalmx.com\/index.php\/wp-json\/wp\/v2\/media\/137120"}],"wp:attachment":[{"href":"https:\/\/diariodigitalmx.com\/index.php\/wp-json\/wp\/v2\/media?parent=137116"}],"wp:term":[{"taxonomy":"category","embeddable":true,"href":"https:\/\/diariodigitalmx.com\/index.php\/wp-json\/wp\/v2\/categories?post=137116"},{"taxonomy":"post_tag","embeddable":true,"href":"https:\/\/diariodigitalmx.com\/index.php\/wp-json\/wp\/v2\/tags?post=137116"}],"curies":[{"name":"wp","href":"https:\/\/api.w.org\/{rel}","templated":true}]}}