{"id":137128,"date":"2025-07-05T19:01:15","date_gmt":"2025-07-06T01:01:15","guid":{"rendered":"https:\/\/diariodigitalmx.com\/?p=137128"},"modified":"2025-07-05T19:08:26","modified_gmt":"2025-07-06T01:08:26","slug":"claudia-sheinbaum-pone-en-marcha-en-tamaulipas-programa-salud-casa-por-casa-y-reconoce-labor-del-gobernador-americo-villarreal","status":"publish","type":"post","link":"https:\/\/diariodigitalmx.com\/index.php\/2025\/07\/05\/claudia-sheinbaum-pone-en-marcha-en-tamaulipas-programa-salud-casa-por-casa-y-reconoce-labor-del-gobernador-americo-villarreal\/","title":{"rendered":"Claudia Sheinbaum pone en marcha en Tamaulipas programa Salud Casa por Casa y reconoce labor del gobernador Am\u00e9rico Villarreal"},"content":{"rendered":"\n<figure class=\"wp-block-image size-large\"><img loading=\"lazy\" decoding=\"async\" width=\"1024\" height=\"683\" src=\"https:\/\/diariodigitalmx.com\/wp-content\/uploads\/2025\/07\/IMG-20250704-WA0162-1024x683.jpg\" alt=\"\" class=\"wp-image-137134\" srcset=\"https:\/\/diariodigitalmx.com\/wp-content\/uploads\/2025\/07\/IMG-20250704-WA0162-1024x683.jpg 1024w, https:\/\/diariodigitalmx.com\/wp-content\/uploads\/2025\/07\/IMG-20250704-WA0162-300x200.jpg 300w, https:\/\/diariodigitalmx.com\/wp-content\/uploads\/2025\/07\/IMG-20250704-WA0162-768x512.jpg 768w, https:\/\/diariodigitalmx.com\/wp-content\/uploads\/2025\/07\/IMG-20250704-WA0162-1536x1024.jpg 1536w, https:\/\/diariodigitalmx.com\/wp-content\/uploads\/2025\/07\/IMG-20250704-WA0162.jpg 1600w\" sizes=\"(max-width: 1024px) 100vw, 1024px\" \/><\/figure>\n\n\n\n<p>Tampico, Tamaulipas. &#8211; La presidenta Claudia Sheinbaum Pardo presidi\u00f3 en este puerto, la Asamblea del programa Salud Casa por Casa, en el inicio de su gira tem\u00e1tica de salud, en la que reconoci\u00f3 a Am\u00e9rico Villarreal como un gran gobernador, &#8220;atento a su pueblo siempre&#8221;.<\/p>\n\n\n\n<p>&#8220;Quiero felicitar a Am\u00e9rico, es un gran gobernador de Tamaulipas. Est\u00e1 pendiente de todo, est\u00e1 en los temas de seguridad, de salud, de educaci\u00f3n, atento a su pueblo siempre, muchas gracias, Am\u00e9rico, por todo el trabajo que realizas al frente de este estado&#8221;, dijo.<\/p>\n\n\n\n<p>En la Unidad de Especialidades M\u00e9dicas para la Detecci\u00f3n y Diagn\u00f3stico del C\u00e1ncer de Mama (Uneme Dedicam) de Tampico, Claudia Sheinbaum destac\u00f3 que Salud Casa por Casa fue dise\u00f1ado como un programa de territorio y gratuito en el que personal de la salud llega hasta el lugar m\u00e1s \u00edntimo de cada persona, como lo es su hogar.<\/p>\n\n\n\n<figure class=\"wp-block-image size-large\"><img loading=\"lazy\" decoding=\"async\" width=\"1024\" height=\"683\" src=\"https:\/\/diariodigitalmx.com\/wp-content\/uploads\/2025\/07\/IMG-20250704-WA0161-1024x683.jpg\" alt=\"\" class=\"wp-image-137135\" srcset=\"https:\/\/diariodigitalmx.com\/wp-content\/uploads\/2025\/07\/IMG-20250704-WA0161-1024x683.jpg 1024w, https:\/\/diariodigitalmx.com\/wp-content\/uploads\/2025\/07\/IMG-20250704-WA0161-300x200.jpg 300w, https:\/\/diariodigitalmx.com\/wp-content\/uploads\/2025\/07\/IMG-20250704-WA0161-768x512.jpg 768w, https:\/\/diariodigitalmx.com\/wp-content\/uploads\/2025\/07\/IMG-20250704-WA0161-1536x1024.jpg 1536w, https:\/\/diariodigitalmx.com\/wp-content\/uploads\/2025\/07\/IMG-20250704-WA0161.jpg 1600w\" sizes=\"(max-width: 1024px) 100vw, 1024px\" \/><\/figure>\n\n\n\n<p>&#8220;Es el programa, digo yo, m\u00e1s importante del mundo de prevenci\u00f3n y atenci\u00f3n temprana de la salud, ning\u00fan pa\u00eds en el mundo tiene este programa &#8220;, mencion\u00f3.<\/p>\n\n\n\n<p>Agreg\u00f3 que este programa es honestidad, es resultados y, sobre todo, es amor al pueblo y, a la vez, reconoci\u00f3 la participaci\u00f3n de los profesionales de la salud que lo conforman, en especial a las y los enfermeros.<\/p>\n\n\n\n<p>&#8220;Yo siempre he dicho que a las m\u00e9dicas y los m\u00e9dicos los reconocemos much\u00edsimo, pero, en particular, hay que reconocer una profesi\u00f3n en nuestro pa\u00eds, que es el de las enfermeras y los enfermeros. Es una profesi\u00f3n \u00fanica&#8221;, puntualiz\u00f3.<\/p>\n\n\n\n<figure class=\"wp-block-image size-large\"><img loading=\"lazy\" decoding=\"async\" width=\"1024\" height=\"683\" src=\"https:\/\/diariodigitalmx.com\/wp-content\/uploads\/2025\/07\/IMG-20250704-WA0159-1024x683.jpg\" alt=\"\" class=\"wp-image-137136\" srcset=\"https:\/\/diariodigitalmx.com\/wp-content\/uploads\/2025\/07\/IMG-20250704-WA0159-1024x683.jpg 1024w, https:\/\/diariodigitalmx.com\/wp-content\/uploads\/2025\/07\/IMG-20250704-WA0159-300x200.jpg 300w, https:\/\/diariodigitalmx.com\/wp-content\/uploads\/2025\/07\/IMG-20250704-WA0159-768x512.jpg 768w, https:\/\/diariodigitalmx.com\/wp-content\/uploads\/2025\/07\/IMG-20250704-WA0159.jpg 1440w\" sizes=\"(max-width: 1024px) 100vw, 1024px\" \/><\/figure>\n\n\n\n<p>Por su parte, el gobernador Am\u00e9rico Villarreal dio la bienvenida a la presidenta Claudia Sheinbaum en su cuarta visita a Tamaulipas y destac\u00f3 que, en el tema de salud, seguimos avanzando con la Cuarta Transformaci\u00f3n, &#8220;con una visi\u00f3n humanista que nos une en nuestros lazos de cultura, de historia y de compromiso como sociedad y con la familia&#8221;.<\/p>\n\n\n\n<p>&#8220;Sabemos de su esfuerzo, de su trabajo, no es tarea f\u00e1cil, es un gran esfuerzo de colaboraci\u00f3n que los mexicanos lo sabemos hacer, trabajando en unidad, con prop\u00f3sito y con una visi\u00f3n de un futuro mejor para todos en forma compartida&#8221;, expres\u00f3.<\/p>\n\n\n\n<p>El secretario de Salud, David Kershenobich Stalnikowitz, destac\u00f3 que Salud Casa por Casa es un programa innovador, personal e integral que naci\u00f3 a iniciativa de la presidenta para procurar el bienestar de adultos mayores y personas con discapacidad, que permitir\u00e1 brindar atenci\u00f3n m\u00e9dica primaria y lograr disminuir la frecuencia de enfermedades cr\u00f3nicas en el pa\u00eds.<\/p>\n\n\n\n<p>Por su parte, Ariadna Montiel Reyes, secretaria de Bienestar, explic\u00f3 que este programa est\u00e1 pensado en un trabajo en el territorio y en un concepto m\u00e1s amplio para el bienestar del pueblo.<\/p>\n\n\n\n<p>&#8220;Es una idea mucho m\u00e1s amplia que la que se ten\u00eda en el pasado y creo que hemos trabajado de manera adecuada en el gobierno de la Cuarta Transformaci\u00f3n y se ha demostrado reduciendo la pobreza de la poblaci\u00f3n&#8221;, mencion\u00f3.<\/p>\n\n\n\n<p>Montiel Reyes agradeci\u00f3 el apoyo de Am\u00e9rico Villarreal y record\u00f3 que la primera acci\u00f3n de su gobierno fue firmar el convenio de apoyo a las personas con discapacidad. &#8220;Gracias a esa decisi\u00f3n del gobernador, aqu\u00ed en el estado la pensi\u00f3n es universal y muy comprometido en la causa&#8221;, dijo.<\/p>\n\n\n\n<p>A nombre de las y los Facilitadores de Salud, Gabriela Elizabeth Garc\u00eda agradeci\u00f3 a la presidenta por esta nueva oportunidad laboral para desempe\u00f1arse como profesional en el sector y relat\u00f3 su experiencia durante su desempe\u00f1o en el programa.<\/p>\n\n\n\n<p>&#8220;He ido a tocar puertas con los beneficiarios que me han tocado, me han recibido muy bien; porto mi uniforme, mi gafete, les digo que vengo de parte de usted y me reciben con todo gusto. Est\u00e1n muy contentos con este programa porque se les ha facilitado y est\u00e1n muy contentos con nuestra ayuda&#8221;, expres\u00f3.<\/p>\n\n\n\n<p>Tambi\u00e9n estuvieron presentes en la Asamblea: Alejandro Svarch P\u00e9rez, director general del IMSS Bienestar; Eduardo Clark, subsecretario de Salud; Carlos Alberto Ulloa P\u00e9rez, director general de Birmex (Laboratorios de Biol\u00f3gicos y Reactivos de M\u00e9xico); Bertha G\u00f3mez Castro, subsecretaria de Egresos; Leticia Ram\u00edrez Amaya, coordinadora de Asuntos Gubernamentales y Carlos Torres Rosas, secretario t\u00e9cnico de la Presidencia de la Rep\u00fablica y director general de Programas para el Bienestar.<\/p>\n","protected":false},"excerpt":{"rendered":"<p>Tampico, Tamaulipas. &#8211; La presidenta Claudia Sheinbaum Pardo presidi\u00f3 en este puerto, la Asamblea del programa Salud Casa por Casa, en el inicio de su gira tem\u00e1tica de salud, en la que reconoci\u00f3 a Am\u00e9rico Villarreal como un gran gobernador, &#8220;atento a su pueblo siempre&#8221;. &#8220;Quiero felicitar a Am\u00e9rico, es un gran gobernador de Tamaulipas. [&hellip;]<\/p>\n","protected":false},"author":1,"featured_media":137132,"comment_status":"open","ping_status":"open","sticky":false,"template":"","format":"standard","meta":{"footnotes":""},"categories":[19],"tags":[],"_links":{"self":[{"href":"https:\/\/diariodigitalmx.com\/index.php\/wp-json\/wp\/v2\/posts\/137128"}],"collection":[{"href":"https:\/\/diariodigitalmx.com\/index.php\/wp-json\/wp\/v2\/posts"}],"about":[{"href":"https:\/\/diariodigitalmx.com\/index.php\/wp-json\/wp\/v2\/types\/post"}],"author":[{"embeddable":true,"href":"https:\/\/diariodigitalmx.com\/index.php\/wp-json\/wp\/v2\/users\/1"}],"replies":[{"embeddable":true,"href":"https:\/\/diariodigitalmx.com\/index.php\/wp-json\/wp\/v2\/comments?post=137128"}],"version-history":[{"count":2,"href":"https:\/\/diariodigitalmx.com\/index.php\/wp-json\/wp\/v2\/posts\/137128\/revisions"}],"predecessor-version":[{"id":137137,"href":"https:\/\/diariodigitalmx.com\/index.php\/wp-json\/wp\/v2\/posts\/137128\/revisions\/137137"}],"wp:featuredmedia":[{"embeddable":true,"href":"https:\/\/diariodigitalmx.com\/index.php\/wp-json\/wp\/v2\/media\/137132"}],"wp:attachment":[{"href":"https:\/\/diariodigitalmx.com\/index.php\/wp-json\/wp\/v2\/media?parent=137128"}],"wp:term":[{"taxonomy":"category","embeddable":true,"href":"https:\/\/diariodigitalmx.com\/index.php\/wp-json\/wp\/v2\/categories?post=137128"},{"taxonomy":"post_tag","embeddable":true,"href":"https:\/\/diariodigitalmx.com\/index.php\/wp-json\/wp\/v2\/tags?post=137128"}],"curies":[{"name":"wp","href":"https:\/\/api.w.org\/{rel}","templated":true}]}}