{"id":137130,"date":"2025-07-05T19:03:51","date_gmt":"2025-07-06T01:03:51","guid":{"rendered":"https:\/\/diariodigitalmx.com\/?p=137130"},"modified":"2025-07-05T21:15:34","modified_gmt":"2025-07-06T03:15:34","slug":"une-mijes-fuerzas-con-la-ip-para-poner-guapo-a-escobedo","status":"publish","type":"post","link":"https:\/\/diariodigitalmx.com\/index.php\/2025\/07\/05\/une-mijes-fuerzas-con-la-ip-para-poner-guapo-a-escobedo\/","title":{"rendered":"Une Mijes fuerzas con la IP para poner guapo a Escobedo"},"content":{"rendered":"\n<figure class=\"wp-block-image size-large\"><img loading=\"lazy\" decoding=\"async\" width=\"1024\" height=\"683\" src=\"https:\/\/diariodigitalmx.com\/wp-content\/uploads\/2025\/07\/FOTO-1-1024x683.jpg\" alt=\"\" class=\"wp-image-137142\" srcset=\"https:\/\/diariodigitalmx.com\/wp-content\/uploads\/2025\/07\/FOTO-1-1024x683.jpg 1024w, https:\/\/diariodigitalmx.com\/wp-content\/uploads\/2025\/07\/FOTO-1-300x200.jpg 300w, https:\/\/diariodigitalmx.com\/wp-content\/uploads\/2025\/07\/FOTO-1-768x512.jpg 768w, https:\/\/diariodigitalmx.com\/wp-content\/uploads\/2025\/07\/FOTO-1-1536x1024.jpg 1536w, https:\/\/diariodigitalmx.com\/wp-content\/uploads\/2025\/07\/FOTO-1-2048x1365.jpg 2048w\" sizes=\"(max-width: 1024px) 100vw, 1024px\" \/><\/figure>\n\n\n\n<p>El Alcalde Andr\u00e9s Mijes activ\u00f3 el programa \u201cEscobedo se Pone Guapo\u201d con la participaci\u00f3n de empresas socialmente responsables para limpiar y embellecer las calles y avenidas cercanas a la Carretera a Colombia, al norte de la Ciudad.<br>Alrededor de las 10:00 de la ma\u00f1ana, el Alcalde lleg\u00f3 a una empresa ubicada en el cruce de la Carretera a Colombia y calle San Jos\u00e9 de los Sauces, donde junto a Jorge Casares, Director de la empresa Trayecto y<br>un \u201cejercito\u201d de trabajadores y empleados municipales participaron en la jornada de limpieza.<\/p>\n\n\n\n<figure class=\"wp-block-image size-large\"><img loading=\"lazy\" decoding=\"async\" width=\"1024\" height=\"683\" src=\"https:\/\/diariodigitalmx.com\/wp-content\/uploads\/2025\/07\/FOTO-5-1024x683.jpg\" alt=\"\" class=\"wp-image-137139\" srcset=\"https:\/\/diariodigitalmx.com\/wp-content\/uploads\/2025\/07\/FOTO-5-1024x683.jpg 1024w, https:\/\/diariodigitalmx.com\/wp-content\/uploads\/2025\/07\/FOTO-5-300x200.jpg 300w, https:\/\/diariodigitalmx.com\/wp-content\/uploads\/2025\/07\/FOTO-5-768x512.jpg 768w, https:\/\/diariodigitalmx.com\/wp-content\/uploads\/2025\/07\/FOTO-5-1536x1024.jpg 1536w, https:\/\/diariodigitalmx.com\/wp-content\/uploads\/2025\/07\/FOTO-5-2048x1365.jpg 2048w\" sizes=\"(max-width: 1024px) 100vw, 1024px\" \/><\/figure>\n\n\n\n<p>Mijes y Casares recorrieron la zona donde se implement\u00f3 la brigada en la zona industrial.<br>Durante la jornada, el Edil y el empresario participaron en el retiro de desechos y dialogaron con los trabajadores que participaron en la recolecci\u00f3n de basura en calles y banquetas, retiro de anuncios, corte de ramas y el aseo de espacios que forman parte de la vida diaria de la comunidad.<br>El Alcalde destac\u00f3 que esta colaboraci\u00f3n con empresas locales, como Trayecto, refleja el inter\u00e9s compartido de construir y generar entornos dignos para todos los habitantes.<br>\u201cEl objetivo es poner guapo a Escobedo, aqu\u00ed estamos haciendo una gran sinergia, una gran alianza con Trayecto, la idea es que este ejemplo se transmita y que otras empresas colaboren con nosotros y mantener limpias las zonas industriales para presentar una cara diferente a la ciudadan\u00eda&#8221;, expres\u00f3 Mijes.<\/p>\n\n\n\n<figure class=\"wp-block-image size-large\"><img loading=\"lazy\" decoding=\"async\" width=\"1024\" height=\"683\" src=\"https:\/\/diariodigitalmx.com\/wp-content\/uploads\/2025\/07\/FOTO-4-1024x683.jpg\" alt=\"\" class=\"wp-image-137141\" srcset=\"https:\/\/diariodigitalmx.com\/wp-content\/uploads\/2025\/07\/FOTO-4-1024x683.jpg 1024w, https:\/\/diariodigitalmx.com\/wp-content\/uploads\/2025\/07\/FOTO-4-300x200.jpg 300w, https:\/\/diariodigitalmx.com\/wp-content\/uploads\/2025\/07\/FOTO-4-768x512.jpg 768w, https:\/\/diariodigitalmx.com\/wp-content\/uploads\/2025\/07\/FOTO-4-1536x1024.jpg 1536w, https:\/\/diariodigitalmx.com\/wp-content\/uploads\/2025\/07\/FOTO-4-2048x1365.jpg 2048w\" sizes=\"(max-width: 1024px) 100vw, 1024px\" \/><\/figure>\n\n\n\n<p>El programa \u201cEscobedo se Pone Guapo\u201d forma parte de una estrategia integral que incluye tambi\u00e9n las acciones de \u201cColonias de la Transformaci\u00f3n\u201d, mediante las cuales se intervienen espacios p\u00fablicos, se<br>rehabilitan \u00e1reas verdes, se mejoran banquetas y se promueve la apropiaci\u00f3n positiva del entorno.<br>El Municipio hizo un llamado a m\u00e1s empresas, asociaciones y ciudadanos a sumarse a estas tareas que, m\u00e1s all\u00e1 de la limpieza, contribuyen a sembrar conciencia colectiva sobre el valor de cuidar lo que es de todos.<\/p>\n","protected":false},"excerpt":{"rendered":"<p>El Alcalde Andr\u00e9s Mijes activ\u00f3 el programa \u201cEscobedo se Pone Guapo\u201d con la participaci\u00f3n de empresas socialmente responsables para limpiar y embellecer las calles y avenidas cercanas a la Carretera a Colombia, al norte de la Ciudad.Alrededor de las 10:00 de la ma\u00f1ana, el Alcalde lleg\u00f3 a una empresa ubicada en el cruce de la [&hellip;]<\/p>\n","protected":false},"author":1,"featured_media":137138,"comment_status":"open","ping_status":"open","sticky":false,"template":"","format":"standard","meta":{"footnotes":""},"categories":[6],"tags":[],"_links":{"self":[{"href":"https:\/\/diariodigitalmx.com\/index.php\/wp-json\/wp\/v2\/posts\/137130"}],"collection":[{"href":"https:\/\/diariodigitalmx.com\/index.php\/wp-json\/wp\/v2\/posts"}],"about":[{"href":"https:\/\/diariodigitalmx.com\/index.php\/wp-json\/wp\/v2\/types\/post"}],"author":[{"embeddable":true,"href":"https:\/\/diariodigitalmx.com\/index.php\/wp-json\/wp\/v2\/users\/1"}],"replies":[{"embeddable":true,"href":"https:\/\/diariodigitalmx.com\/index.php\/wp-json\/wp\/v2\/comments?post=137130"}],"version-history":[{"count":2,"href":"https:\/\/diariodigitalmx.com\/index.php\/wp-json\/wp\/v2\/posts\/137130\/revisions"}],"predecessor-version":[{"id":137143,"href":"https:\/\/diariodigitalmx.com\/index.php\/wp-json\/wp\/v2\/posts\/137130\/revisions\/137143"}],"wp:featuredmedia":[{"embeddable":true,"href":"https:\/\/diariodigitalmx.com\/index.php\/wp-json\/wp\/v2\/media\/137138"}],"wp:attachment":[{"href":"https:\/\/diariodigitalmx.com\/index.php\/wp-json\/wp\/v2\/media?parent=137130"}],"wp:term":[{"taxonomy":"category","embeddable":true,"href":"https:\/\/diariodigitalmx.com\/index.php\/wp-json\/wp\/v2\/categories?post=137130"},{"taxonomy":"post_tag","embeddable":true,"href":"https:\/\/diariodigitalmx.com\/index.php\/wp-json\/wp\/v2\/tags?post=137130"}],"curies":[{"name":"wp","href":"https:\/\/api.w.org\/{rel}","templated":true}]}}