{"id":137257,"date":"2025-07-10T06:09:00","date_gmt":"2025-07-10T12:09:00","guid":{"rendered":"https:\/\/diariodigitalmx.com\/?p=137257"},"modified":"2025-07-10T06:20:14","modified_gmt":"2025-07-10T12:20:14","slug":"transporte-escolar-obligatorio-2","status":"publish","type":"post","link":"https:\/\/diariodigitalmx.com\/index.php\/2025\/07\/10\/transporte-escolar-obligatorio-2\/","title":{"rendered":"Transporte escolar obligatorio"},"content":{"rendered":"\n<p>Luz Mar\u00eda Ortiz Quintos<\/p>\n\n\n\n<p>\u00abLa inteligencia se mide por la capacidad de cambiar cuando es necesario\u00bb.<br>\u2014&nbsp;<em>Albert Einstein<\/em><\/p>\n\n\n\n<p>Nos entusiasma ver los cambios que se est\u00e1n implementando en el gobierno estatal, as\u00ed como la buena coordinaci\u00f3n para establecer mesas de di\u00e1logo con los gobiernos municipales del \u00e1rea metropolitana, con el objetivo de evaluar \u00e1reas de oportunidad en temas como seguridad, contaminaci\u00f3n y vialidad.<\/p>\n\n\n\n<p>Dentro de las propuestas relacionadas con la mejora vial, se est\u00e1 considerando establecer como obligatorio el uso del transporte escolar.<\/p>\n\n\n\n<p>De acuerdo con&nbsp;<em>L\u00edder Empresarial<\/em>, \u201cse registraron 7,577 planteles educativos en Nuevo Le\u00f3n para el ciclo escolar 2023-2024.<br>Estos incluyen escuelas de nivel b\u00e1sico y medio superior. En cuanto a las escuelas privadas, se reportan 1,234 planteles que ofrecen educaci\u00f3n preescolar, primaria y secundaria.\u201d<\/p>\n\n\n\n<p>El 16% de estos planteles corresponde a escuelas particulares, a las cuales se busca aplicar la nueva disposici\u00f3n legal sobre la obligatoriedad del transporte escolar.<\/p>\n\n\n\n<p>Entendemos la urgente necesidad de disminuir la carga vehicular en las vialidades; sin embargo, consideramos importante tomar en cuenta que esta nueva medida implicar\u00eda un incremento en los costos educativos para las familias del sector privado.<\/p>\n\n\n\n<p>Dado que nos encontramos en periodo vacacional, nos preocupa que esta disposici\u00f3n se implemente sin una consulta adecuada a las familias afectadas, ya que podr\u00eda impactar negativamente su econom\u00eda.<br>Cada inicio de ciclo escolar implica gastos por concepto de inscripci\u00f3n o reinscripci\u00f3n, libros, \u00fatiles escolares, uniformes y otros como festivales, seguro m\u00e9dico, entre otros.<\/p>\n\n\n\n<p>Por otro lado, el sector p\u00fablico concentra un mayor n\u00famero de escuelas y alumnos, lo que tambi\u00e9n representa un alto volumen de veh\u00edculos en circulaci\u00f3n.<\/p>\n\n\n\n<p>Consideramos que la medida del transporte escolar obligatorio puede ser positiva, siempre y cuando se aplique de forma equitativa a todo el sistema educativo \u2014tanto p\u00fablico como privado\u2014 y se implemente sin costo para las familias.<\/p>\n","protected":false},"excerpt":{"rendered":"<p>Luz Mar\u00eda Ortiz Quintos \u00abLa inteligencia se mide por la capacidad de cambiar cuando es necesario\u00bb.\u2014&nbsp;Albert Einstein Nos entusiasma ver los cambios que se est\u00e1n implementando en el gobierno estatal, as\u00ed como la buena coordinaci\u00f3n para establecer mesas de di\u00e1logo con los gobiernos municipales del \u00e1rea metropolitana, con el objetivo de evaluar \u00e1reas de oportunidad [&hellip;]<\/p>\n","protected":false},"author":1,"featured_media":136794,"comment_status":"open","ping_status":"open","sticky":false,"template":"","format":"standard","meta":{"footnotes":""},"categories":[12],"tags":[],"_links":{"self":[{"href":"https:\/\/diariodigitalmx.com\/index.php\/wp-json\/wp\/v2\/posts\/137257"}],"collection":[{"href":"https:\/\/diariodigitalmx.com\/index.php\/wp-json\/wp\/v2\/posts"}],"about":[{"href":"https:\/\/diariodigitalmx.com\/index.php\/wp-json\/wp\/v2\/types\/post"}],"author":[{"embeddable":true,"href":"https:\/\/diariodigitalmx.com\/index.php\/wp-json\/wp\/v2\/users\/1"}],"replies":[{"embeddable":true,"href":"https:\/\/diariodigitalmx.com\/index.php\/wp-json\/wp\/v2\/comments?post=137257"}],"version-history":[{"count":3,"href":"https:\/\/diariodigitalmx.com\/index.php\/wp-json\/wp\/v2\/posts\/137257\/revisions"}],"predecessor-version":[{"id":137263,"href":"https:\/\/diariodigitalmx.com\/index.php\/wp-json\/wp\/v2\/posts\/137257\/revisions\/137263"}],"wp:featuredmedia":[{"embeddable":true,"href":"https:\/\/diariodigitalmx.com\/index.php\/wp-json\/wp\/v2\/media\/136794"}],"wp:attachment":[{"href":"https:\/\/diariodigitalmx.com\/index.php\/wp-json\/wp\/v2\/media?parent=137257"}],"wp:term":[{"taxonomy":"category","embeddable":true,"href":"https:\/\/diariodigitalmx.com\/index.php\/wp-json\/wp\/v2\/categories?post=137257"},{"taxonomy":"post_tag","embeddable":true,"href":"https:\/\/diariodigitalmx.com\/index.php\/wp-json\/wp\/v2\/tags?post=137257"}],"curies":[{"name":"wp","href":"https:\/\/api.w.org\/{rel}","templated":true}]}}