{"id":137269,"date":"2025-07-10T13:58:33","date_gmt":"2025-07-10T19:58:33","guid":{"rendered":"https:\/\/diariodigitalmx.com\/?p=137269"},"modified":"2025-07-10T14:14:03","modified_gmt":"2025-07-10T20:14:03","slug":"137269","status":"publish","type":"post","link":"https:\/\/diariodigitalmx.com\/index.php\/2025\/07\/10\/137269\/","title":{"rendered":"Diputada acusa corrupci\u00f3n en Movilidad de NL; es la causa de la crisis del transporte, dice"},"content":{"rendered":"\n<figure class=\"wp-block-image size-large\"><img loading=\"lazy\" decoding=\"async\" width=\"1024\" height=\"768\" src=\"https:\/\/diariodigitalmx.com\/wp-content\/uploads\/2025\/07\/20250710_111727-2-1024x768.jpg\" alt=\"\" class=\"wp-image-137283\" srcset=\"https:\/\/diariodigitalmx.com\/wp-content\/uploads\/2025\/07\/20250710_111727-2-1024x768.jpg 1024w, https:\/\/diariodigitalmx.com\/wp-content\/uploads\/2025\/07\/20250710_111727-2-300x225.jpg 300w, https:\/\/diariodigitalmx.com\/wp-content\/uploads\/2025\/07\/20250710_111727-2-768x576.jpg 768w, https:\/\/diariodigitalmx.com\/wp-content\/uploads\/2025\/07\/20250710_111727-2-1536x1152.jpg 1536w, https:\/\/diariodigitalmx.com\/wp-content\/uploads\/2025\/07\/20250710_111727-2-2048x1536.jpg 2048w\" sizes=\"(max-width: 1024px) 100vw, 1024px\" \/><\/figure>\n\n\n\n<p>Monterrey. &#8211;&nbsp; Por el presunto desv\u00edo de recursos p\u00fablicos y cohecho, la diputada independiente Roc\u00edo Montalvo Adame acus\u00f3 ante la Fiscal\u00eda Anticorrupci\u00f3n al ahora ex director del Instituto de Movilidad y Accesibilidad,&nbsp;<strong>Jos\u00e9 Manuel Valdez Gayt\u00e1n, y como una de las pruebas ofreci\u00f3 un video en que un funcionario del IMA reciben un sobre amarillo aparentemente con dinero.<\/strong><\/p>\n\n\n\n<p><strong>La legisladora quien el mes pasado renunci\u00f3 a la bancada de Movimiento Ciudadano, al denunciar acoso y persecuci\u00f3n de parte del gobierno de Samuel Garc\u00eda por denunciar p\u00fablicamente este caso y exigir soluci\u00f3n a la crisis del transporte urbano, asegur\u00f3 que el gobernador se enter\u00f3 a tiempo de los hechos en Movilidad, pero solamente cambi\u00f3 a Valdez de dependencia, luego se le dio de baja sin llevarlo ante la justicia.<\/strong><\/p>\n\n\n\n<p>En el video grabado en 2022 aparece Juan Pablo Rodr\u00edguez, ex director del IMA del sector San Bernab\u00e9, quien recibe un sobre amarillo por parte de una persona ligada a la empresa Transportes Milan, en el cual, al parecer ser\u00eda dinero.<\/p>\n\n\n\n<p>En la denuncia la diputada Montalvo acusa que el IMA realiz\u00f3 un pago por adelantado en un contrato de<strong>&nbsp;14 mil millones de pesos<\/strong>&nbsp;a la empresa TICSA para dar mantenimiento a las unidades verdes que forman parte del sistema Muevo Le\u00f3n, sin embargo, no se ha prestado el servicio y m\u00e1s de 600 camiones est\u00e1n con fallas y han dejado de circular, mientras el transporte p\u00fablico agudiza su crisis que lleva a los usuarios a esperar un transporte hasta dos horas.<br>Asimismo, la denuncia ante la Fiscal\u00eda Anticorrupci\u00f3n refiere a cobros indebidos &nbsp;por parte de funcionarios del IMA en las oficinas de San Bernab\u00e9 a empresarios transportistas y a taxistas, los que pagaban una cuota para eludir las inspecciones.<\/p>\n\n\n\n<p>Adem\u00e1s, la empresa Transporte Senda, dijo la legisladora, paga una cuota por no llevar las unidades a revisi\u00f3n y quedar exenta de ello.<br>Montalvo Adame, quien por m\u00e1s de dos d\u00e9cadas ha sido tambi\u00e9n activista y defensora del usuario del transporte urbano, quien por m\u00e1s de una d\u00e9cada logr\u00f3 impedir que se diera un alza tarifaria a cambio del inservible servicio camionero local, exige que los transportistas enciendan el clima en las unidades, pues no lo hacen al argumentar que ahorran gas, mientras el usuario soporta temperaturas de hasta 40 grados cent\u00edgrados.<\/p>\n\n\n\n<figure class=\"wp-block-image size-large\"><img loading=\"lazy\" decoding=\"async\" width=\"1024\" height=\"768\" src=\"https:\/\/diariodigitalmx.com\/wp-content\/uploads\/2025\/07\/20250710_112105-1024x768.jpg\" alt=\"\" class=\"wp-image-137284\" srcset=\"https:\/\/diariodigitalmx.com\/wp-content\/uploads\/2025\/07\/20250710_112105-1024x768.jpg 1024w, https:\/\/diariodigitalmx.com\/wp-content\/uploads\/2025\/07\/20250710_112105-300x225.jpg 300w, https:\/\/diariodigitalmx.com\/wp-content\/uploads\/2025\/07\/20250710_112105-768x576.jpg 768w, https:\/\/diariodigitalmx.com\/wp-content\/uploads\/2025\/07\/20250710_112105-1536x1152.jpg 1536w, https:\/\/diariodigitalmx.com\/wp-content\/uploads\/2025\/07\/20250710_112105-2048x1536.jpg 2048w\" sizes=\"(max-width: 1024px) 100vw, 1024px\" \/><\/figure>\n\n\n\n<p>La diputada independiente asegura que el gobernador Samuel Garc\u00eda sab\u00eda de los hechos desde hace tiempo, pero no hizo nada m\u00e1s que re mover a Valdez en septiembre de 2024 como director del Sistema Estatal de Caminos, aunque luego caus\u00f3 baja, pero sin ser acusado judicialmente.<\/p>\n\n\n\n<p>\u201cQue devuelvan lo robado tanto el ex funcionario como la empresa Ticsa que no da el servicio y cobr\u00f3 por adelantado el mantenimiento que no da a los camiones\u201d.<\/p>\n\n\n\n<p>Rechaz\u00f3 los se\u00f1alamientos del gobernador Garc\u00eda de que todo es asunto pol\u00edtico y lo ret\u00f3 a salir a la calle e ir a los cruceros para que vea y sienta el mal servicio camionero que sufren los usuarios.<br>\u201cNo es pol\u00edtico, lo reto a que vaya a revisar los camiones, que vaya a los cruceros, y se d\u00e9 cuenta de la situaci\u00f3n en que est\u00e1 el transporte urbano de Monterrey\u201d, expuso Roc\u00edo Montalvo.<\/p>\n","protected":false},"excerpt":{"rendered":"<p>Monterrey. &#8211;&nbsp; Por el presunto desv\u00edo de recursos p\u00fablicos y cohecho, la diputada independiente Roc\u00edo Montalvo Adame acus\u00f3 ante la Fiscal\u00eda Anticorrupci\u00f3n al ahora ex director del Instituto de Movilidad y Accesibilidad,&nbsp;Jos\u00e9 Manuel Valdez Gayt\u00e1n, y como una de las pruebas ofreci\u00f3 un video en que un funcionario del IMA reciben un sobre amarillo aparentemente [&hellip;]<\/p>\n","protected":false},"author":1,"featured_media":137279,"comment_status":"open","ping_status":"open","sticky":false,"template":"","format":"standard","meta":{"footnotes":""},"categories":[6,3,5],"tags":[],"_links":{"self":[{"href":"https:\/\/diariodigitalmx.com\/index.php\/wp-json\/wp\/v2\/posts\/137269"}],"collection":[{"href":"https:\/\/diariodigitalmx.com\/index.php\/wp-json\/wp\/v2\/posts"}],"about":[{"href":"https:\/\/diariodigitalmx.com\/index.php\/wp-json\/wp\/v2\/types\/post"}],"author":[{"embeddable":true,"href":"https:\/\/diariodigitalmx.com\/index.php\/wp-json\/wp\/v2\/users\/1"}],"replies":[{"embeddable":true,"href":"https:\/\/diariodigitalmx.com\/index.php\/wp-json\/wp\/v2\/comments?post=137269"}],"version-history":[{"count":3,"href":"https:\/\/diariodigitalmx.com\/index.php\/wp-json\/wp\/v2\/posts\/137269\/revisions"}],"predecessor-version":[{"id":137285,"href":"https:\/\/diariodigitalmx.com\/index.php\/wp-json\/wp\/v2\/posts\/137269\/revisions\/137285"}],"wp:featuredmedia":[{"embeddable":true,"href":"https:\/\/diariodigitalmx.com\/index.php\/wp-json\/wp\/v2\/media\/137279"}],"wp:attachment":[{"href":"https:\/\/diariodigitalmx.com\/index.php\/wp-json\/wp\/v2\/media?parent=137269"}],"wp:term":[{"taxonomy":"category","embeddable":true,"href":"https:\/\/diariodigitalmx.com\/index.php\/wp-json\/wp\/v2\/categories?post=137269"},{"taxonomy":"post_tag","embeddable":true,"href":"https:\/\/diariodigitalmx.com\/index.php\/wp-json\/wp\/v2\/tags?post=137269"}],"curies":[{"name":"wp","href":"https:\/\/api.w.org\/{rel}","templated":true}]}}