{"id":137272,"date":"2025-07-10T14:01:22","date_gmt":"2025-07-10T20:01:22","guid":{"rendered":"https:\/\/diariodigitalmx.com\/?p=137272"},"modified":"2025-07-10T22:38:17","modified_gmt":"2025-07-11T04:38:17","slug":"reconocen-a-mijes-por-su-labor-en-favor-de-la-justicia-y-la-transformacion-social","status":"publish","type":"post","link":"https:\/\/diariodigitalmx.com\/index.php\/2025\/07\/10\/reconocen-a-mijes-por-su-labor-en-favor-de-la-justicia-y-la-transformacion-social\/","title":{"rendered":"Reconocen a Mijes por su labor en favor de la justicia y la transformaci\u00f3n social"},"content":{"rendered":"\n<p>El Alcalde Andr\u00e9s Mijes fue reconocido por el Colegio de Abogados de Nuevo Le\u00f3n por su destacada labor como servidor p\u00fablico comprometido con la justicia, la legalidad y el bienestar colectivo.<br>Durante la ceremonia con motivo del D\u00eda del Abogado, Mijes recibi\u00f3 la presea \u201cUn Hombre Abogado: Lic. Ricardo Ayala\u201d, una de las m\u00e1ximas distinciones que entrega dicho Colegio, en reconocimiento que se da<br>quienes han dejado huella desde el servicio p\u00fablico mediante acciones concretas en favor de la transformaci\u00f3n social.<br>El evento reuni\u00f3 al Gobernador Samuel Garc\u00eda, funcionarios estatales, juristas, acad\u00e9micos y representantes de diversos sectores, quienes coincidieron en la relevancia de construir gobiernos con un enfoque m\u00e1s humano, cercano y respetuoso de los derechos.<\/p>\n\n\n\n<figure class=\"wp-block-image size-large\"><img loading=\"lazy\" decoding=\"async\" width=\"1024\" height=\"681\" src=\"https:\/\/diariodigitalmx.com\/wp-content\/uploads\/2025\/07\/5152257139698413348-1024x681.jpg\" alt=\"\" class=\"wp-image-137275\" srcset=\"https:\/\/diariodigitalmx.com\/wp-content\/uploads\/2025\/07\/5152257139698413348-1024x681.jpg 1024w, https:\/\/diariodigitalmx.com\/wp-content\/uploads\/2025\/07\/5152257139698413348-300x199.jpg 300w, https:\/\/diariodigitalmx.com\/wp-content\/uploads\/2025\/07\/5152257139698413348-768x511.jpg 768w, https:\/\/diariodigitalmx.com\/wp-content\/uploads\/2025\/07\/5152257139698413348.jpg 1280w\" sizes=\"(max-width: 1024px) 100vw, 1024px\" \/><\/figure>\n\n\n\n<p>En Escobedo, la 4T Norte\u00f1a ha sido clave para alcanzar logros palpables en materia de justicia c\u00edvica, desarrollo social y cultura de paz. Las decisiones implementadas desde el Gobierno Municipal han impactado positivamente en la vida diaria de la ciudadan\u00eda.<br>El trabajo encabezado por el Alcalde Mijes se ha convertido en un modelo a seguir al fomentar pol\u00edticas que fortalecen el tejido social, eliminan barreras de desigualdad y garantizan que el progreso llegue a cada rinc\u00f3n del municipio sin distinci\u00f3n.<br>Al recibir el reconocimiento, Mijes refrend\u00f3 su compromiso de seguir gobernando con firmeza y cercan\u00eda, impulsando acciones que respondan a las verdaderas necesidades de la gente. Asegur\u00f3 que la legalidad, la inclusi\u00f3n y la justicia seguir\u00e1n siendo los pilares de un gobierno que apuesta por un bienestar duradero y una transformaci\u00f3n profunda en favor de la comunidad.<\/p>\n","protected":false},"excerpt":{"rendered":"<p>El Alcalde Andr\u00e9s Mijes fue reconocido por el Colegio de Abogados de Nuevo Le\u00f3n por su destacada labor como servidor p\u00fablico comprometido con la justicia, la legalidad y el bienestar colectivo.Durante la ceremonia con motivo del D\u00eda del Abogado, Mijes recibi\u00f3 la presea \u201cUn Hombre Abogado: Lic. Ricardo Ayala\u201d, una de las m\u00e1ximas distinciones que [&hellip;]<\/p>\n","protected":false},"author":1,"featured_media":137274,"comment_status":"open","ping_status":"open","sticky":false,"template":"","format":"standard","meta":{"footnotes":""},"categories":[6],"tags":[],"_links":{"self":[{"href":"https:\/\/diariodigitalmx.com\/index.php\/wp-json\/wp\/v2\/posts\/137272"}],"collection":[{"href":"https:\/\/diariodigitalmx.com\/index.php\/wp-json\/wp\/v2\/posts"}],"about":[{"href":"https:\/\/diariodigitalmx.com\/index.php\/wp-json\/wp\/v2\/types\/post"}],"author":[{"embeddable":true,"href":"https:\/\/diariodigitalmx.com\/index.php\/wp-json\/wp\/v2\/users\/1"}],"replies":[{"embeddable":true,"href":"https:\/\/diariodigitalmx.com\/index.php\/wp-json\/wp\/v2\/comments?post=137272"}],"version-history":[{"count":2,"href":"https:\/\/diariodigitalmx.com\/index.php\/wp-json\/wp\/v2\/posts\/137272\/revisions"}],"predecessor-version":[{"id":137277,"href":"https:\/\/diariodigitalmx.com\/index.php\/wp-json\/wp\/v2\/posts\/137272\/revisions\/137277"}],"wp:featuredmedia":[{"embeddable":true,"href":"https:\/\/diariodigitalmx.com\/index.php\/wp-json\/wp\/v2\/media\/137274"}],"wp:attachment":[{"href":"https:\/\/diariodigitalmx.com\/index.php\/wp-json\/wp\/v2\/media?parent=137272"}],"wp:term":[{"taxonomy":"category","embeddable":true,"href":"https:\/\/diariodigitalmx.com\/index.php\/wp-json\/wp\/v2\/categories?post=137272"},{"taxonomy":"post_tag","embeddable":true,"href":"https:\/\/diariodigitalmx.com\/index.php\/wp-json\/wp\/v2\/tags?post=137272"}],"curies":[{"name":"wp","href":"https:\/\/api.w.org\/{rel}","templated":true}]}}