{"id":137299,"date":"2025-07-10T22:51:55","date_gmt":"2025-07-11T04:51:55","guid":{"rendered":"https:\/\/diariodigitalmx.com\/?p=137299"},"modified":"2025-07-10T23:19:08","modified_gmt":"2025-07-11T05:19:08","slug":"presentan-en-conarte-el-cuento-vamperro","status":"publish","type":"post","link":"https:\/\/diariodigitalmx.com\/index.php\/2025\/07\/10\/presentan-en-conarte-el-cuento-vamperro\/","title":{"rendered":"Presentan en CONARTE el cuento Vamperro"},"content":{"rendered":"\n<p>El peculiar cuento infantil: Vamperro, lleg\u00f3 a la Librer\u00eda CONARTE este 10 de julio, en donde fue<br>presentado por la Consejera Electoral del Instituto Estatal Electoral y de Participaci\u00f3n Ciudadana<br>de Nuevo Le\u00f3n (IEEPCNL), Alejandra Esquivel Quintero; el autor, Carlos Calles; y la promotora de<br>lectura, X\u00f3chitl Jasso.<br>Al moderar el evento, Esquivel Quintero invit\u00f3 a conocer la divertida historia de este peculiar perro<br>con colmillos de vampiro, en la que se reflexiona sobre discriminaci\u00f3n, inclusi\u00f3n y democracia.<br>\u201cVamperro forma parte de Libros de la Anacahuita, que es una colecci\u00f3n editorial del Instituto<br>dirigida a infancias y juventudes. Este libro fue seleccionado en una invitaci\u00f3n abierta\u201d, destac\u00f3 la<br>Consejera.<br>En su intervenci\u00f3n, Calles ley\u00f3 el primer cap\u00edtulo de su obra titulado: Los colmillos de Vamperro, y<br>comparti\u00f3 detalles sobre su proceso creativo para escribir el cuento.<\/p>\n\n\n\n<figure class=\"wp-block-image size-large\"><img loading=\"lazy\" decoding=\"async\" width=\"1024\" height=\"768\" src=\"https:\/\/diariodigitalmx.com\/wp-content\/uploads\/2025\/07\/2-1024x768.jpg\" alt=\"\" class=\"wp-image-137302\" srcset=\"https:\/\/diariodigitalmx.com\/wp-content\/uploads\/2025\/07\/2-1024x768.jpg 1024w, https:\/\/diariodigitalmx.com\/wp-content\/uploads\/2025\/07\/2-300x225.jpg 300w, https:\/\/diariodigitalmx.com\/wp-content\/uploads\/2025\/07\/2-768x576.jpg 768w, https:\/\/diariodigitalmx.com\/wp-content\/uploads\/2025\/07\/2-1536x1152.jpg 1536w, https:\/\/diariodigitalmx.com\/wp-content\/uploads\/2025\/07\/2-2048x1536.jpg 2048w\" sizes=\"(max-width: 1024px) 100vw, 1024px\" \/><\/figure>\n\n\n\n<p>\u201cVamperro es mi primera novela infantil, es una novela que surgi\u00f3 por muchas razones, pero la<br>convicci\u00f3n de querer escribir una novela infantil viene de mi hijo Gael, que tiene 6 a\u00f1os\u201d, cont\u00f3 el<br>escritor.<br>Por su parte, Jasso destac\u00f3 que el libro de Carlos Calles es muy \u00fatil para reflexionar con las<br>infancias c\u00f3mo se puede construir comunidad a partir de las diferencias, entre otros temas.<br>\u201cCon infancias se pueden abordar temas como la autoestima, la inclusi\u00f3n, la tolerancia, el respeto<br>por las diferencias, la pluralidad, la democracia, los prejuicios y la discriminaci\u00f3n\u201d, consider\u00f3 la<br>tambi\u00e9n mediadora de lectura.<br>Al evento asistieron el Consejero Electoral del IEEPCNL, Michael Alberto Banda Espinosa; y el<br>Secretario Ejecutivo del organismo, Mart\u00edn Gonz\u00e1lez Mu\u00f1oz; as\u00ed como mediadoras y mediadores<br>de lectura y p\u00fablico en general.<\/p>\n","protected":false},"excerpt":{"rendered":"<p>El peculiar cuento infantil: Vamperro, lleg\u00f3 a la Librer\u00eda CONARTE este 10 de julio, en donde fuepresentado por la Consejera Electoral del Instituto Estatal Electoral y de Participaci\u00f3n Ciudadanade Nuevo Le\u00f3n (IEEPCNL), Alejandra Esquivel Quintero; el autor, Carlos Calles; y la promotora delectura, X\u00f3chitl Jasso.Al moderar el evento, Esquivel Quintero invit\u00f3 a conocer la divertida [&hellip;]<\/p>\n","protected":false},"author":1,"featured_media":137301,"comment_status":"open","ping_status":"open","sticky":false,"template":"","format":"standard","meta":{"footnotes":""},"categories":[11],"tags":[],"_links":{"self":[{"href":"https:\/\/diariodigitalmx.com\/index.php\/wp-json\/wp\/v2\/posts\/137299"}],"collection":[{"href":"https:\/\/diariodigitalmx.com\/index.php\/wp-json\/wp\/v2\/posts"}],"about":[{"href":"https:\/\/diariodigitalmx.com\/index.php\/wp-json\/wp\/v2\/types\/post"}],"author":[{"embeddable":true,"href":"https:\/\/diariodigitalmx.com\/index.php\/wp-json\/wp\/v2\/users\/1"}],"replies":[{"embeddable":true,"href":"https:\/\/diariodigitalmx.com\/index.php\/wp-json\/wp\/v2\/comments?post=137299"}],"version-history":[{"count":2,"href":"https:\/\/diariodigitalmx.com\/index.php\/wp-json\/wp\/v2\/posts\/137299\/revisions"}],"predecessor-version":[{"id":137304,"href":"https:\/\/diariodigitalmx.com\/index.php\/wp-json\/wp\/v2\/posts\/137299\/revisions\/137304"}],"wp:featuredmedia":[{"embeddable":true,"href":"https:\/\/diariodigitalmx.com\/index.php\/wp-json\/wp\/v2\/media\/137301"}],"wp:attachment":[{"href":"https:\/\/diariodigitalmx.com\/index.php\/wp-json\/wp\/v2\/media?parent=137299"}],"wp:term":[{"taxonomy":"category","embeddable":true,"href":"https:\/\/diariodigitalmx.com\/index.php\/wp-json\/wp\/v2\/categories?post=137299"},{"taxonomy":"post_tag","embeddable":true,"href":"https:\/\/diariodigitalmx.com\/index.php\/wp-json\/wp\/v2\/tags?post=137299"}],"curies":[{"name":"wp","href":"https:\/\/api.w.org\/{rel}","templated":true}]}}