{"id":137357,"date":"2025-07-12T09:50:30","date_gmt":"2025-07-12T15:50:30","guid":{"rendered":"https:\/\/diariodigitalmx.com\/?p=137357"},"modified":"2025-07-12T09:55:04","modified_gmt":"2025-07-12T15:55:04","slug":"pasajeros-aumentaron-6-1-alcanzando-un-factor-de-ocupacion-de-86-0-viva","status":"publish","type":"post","link":"https:\/\/diariodigitalmx.com\/index.php\/2025\/07\/12\/pasajeros-aumentaron-6-1-alcanzando-un-factor-de-ocupacion-de-86-0-viva\/","title":{"rendered":"Pasajeros aumentaron 6.1% alcanzando un factor de ocupaci\u00f3n de 86.0%: Viva"},"content":{"rendered":"\n<p><strong>Ciudad de M\u00e9xico.\u00a0<\/strong>\u2013 Viva anunci\u00f3 sus resultados preliminares de tr\u00e1fico correspondientes a junio de 2025. Este mes, el tr\u00e1fico de pasajeros increment\u00f3 un 6.1% comparado con junio de 2024, alcanzando 2.5 millones de pasajeros, impulsado por un aumento del 5.8% y 9.2% en el tr\u00e1fico nacional e internacional, respectivamente.\u00a0<\/p>\n\n\n\n<p>Viva aument\u00f3 su capacidad total en asientos por milla disponibles (ASMs) en un 6.8% en comparaci\u00f3n con junio de 2024. En cuanto al desglose por mercado, Viva creci\u00f3 su capacidad en un 6.1% en el mercado nacional y en un 9.8% en el internacional. El factor de ocupaci\u00f3n alcanz\u00f3 un 86.0% en comparaci\u00f3n con el 88.7% en 2024, derivado de un factor de ocupaci\u00f3n del 87.1% y 80.9% en el mercado nacional e internacional, respectivamente.<\/p>\n\n\n\n<p>\u201cJunio mostr\u00f3 un desempe\u00f1o s\u00f3lido en tr\u00e1fico, con un crecimiento anual de pasajeros de 6.1% y un factor de ocupaci\u00f3n de 86.0%. De cara a la temporada de verano, mantenemos una postura conservadora en la alineaci\u00f3n de la capacidad con la demanda, en un entorno donde el consumidor sigue mostrando cautela. Seguimos trabajando para mantener la eficiencia operativa y la confiabilidad ante los retos asociados con los motores Pratt &amp; Whitney\u201d, mencion\u00f3 Juan Carlos Zuazua, Director General de Viva.&nbsp;<\/p>\n","protected":false},"excerpt":{"rendered":"<p>Ciudad de M\u00e9xico.\u00a0\u2013 Viva anunci\u00f3 sus resultados preliminares de tr\u00e1fico correspondientes a junio de 2025. Este mes, el tr\u00e1fico de pasajeros increment\u00f3 un 6.1% comparado con junio de 2024, alcanzando 2.5 millones de pasajeros, impulsado por un aumento del 5.8% y 9.2% en el tr\u00e1fico nacional e internacional, respectivamente.\u00a0 Viva aument\u00f3 su capacidad total en [&hellip;]<\/p>\n","protected":false},"author":1,"featured_media":137361,"comment_status":"open","ping_status":"open","sticky":false,"template":"","format":"standard","meta":{"footnotes":""},"categories":[10,5],"tags":[],"_links":{"self":[{"href":"https:\/\/diariodigitalmx.com\/index.php\/wp-json\/wp\/v2\/posts\/137357"}],"collection":[{"href":"https:\/\/diariodigitalmx.com\/index.php\/wp-json\/wp\/v2\/posts"}],"about":[{"href":"https:\/\/diariodigitalmx.com\/index.php\/wp-json\/wp\/v2\/types\/post"}],"author":[{"embeddable":true,"href":"https:\/\/diariodigitalmx.com\/index.php\/wp-json\/wp\/v2\/users\/1"}],"replies":[{"embeddable":true,"href":"https:\/\/diariodigitalmx.com\/index.php\/wp-json\/wp\/v2\/comments?post=137357"}],"version-history":[{"count":1,"href":"https:\/\/diariodigitalmx.com\/index.php\/wp-json\/wp\/v2\/posts\/137357\/revisions"}],"predecessor-version":[{"id":137358,"href":"https:\/\/diariodigitalmx.com\/index.php\/wp-json\/wp\/v2\/posts\/137357\/revisions\/137358"}],"wp:featuredmedia":[{"embeddable":true,"href":"https:\/\/diariodigitalmx.com\/index.php\/wp-json\/wp\/v2\/media\/137361"}],"wp:attachment":[{"href":"https:\/\/diariodigitalmx.com\/index.php\/wp-json\/wp\/v2\/media?parent=137357"}],"wp:term":[{"taxonomy":"category","embeddable":true,"href":"https:\/\/diariodigitalmx.com\/index.php\/wp-json\/wp\/v2\/categories?post=137357"},{"taxonomy":"post_tag","embeddable":true,"href":"https:\/\/diariodigitalmx.com\/index.php\/wp-json\/wp\/v2\/tags?post=137357"}],"curies":[{"name":"wp","href":"https:\/\/api.w.org\/{rel}","templated":true}]}}