{"id":137369,"date":"2025-07-13T16:46:45","date_gmt":"2025-07-13T22:46:45","guid":{"rendered":"https:\/\/diariodigitalmx.com\/?p=137369"},"modified":"2025-07-13T17:03:02","modified_gmt":"2025-07-13T23:03:02","slug":"kramer-vs-kramer","status":"publish","type":"post","link":"https:\/\/diariodigitalmx.com\/index.php\/2025\/07\/13\/kramer-vs-kramer\/","title":{"rendered":"Kramer vs Kramer"},"content":{"rendered":"\n<p>Por Manuel CARMONA<\/p>\n\n\n\n<p>Aunque poco se ha hablado del tema, lo cierto es que desde hace meses al interior del partido gobernante ya ha comenzado la carrera rumbo a la Alcald\u00eda en el municipio de Puebla, los interesados andan muy activos armando estructuras, actividades orientadas a construir posicionamiento, haciendo acuerdos etc.&nbsp; y hasta el momento se perfilan al menos una docena de aspirantes que se disputar\u00e1n con todo la candidatura en el 2027.<\/p>\n\n\n\n<p>Parad\u00f3jicamente en los partidos de oposici\u00f3n no se ve ninguna acci\u00f3n, salvo apariciones espor\u00e1dicas de la diputada local panista Susana Riestra y la diputada local del PRI Delfina Pozos, que han fijado sendos posicionamientos con motivo de las dos versiones de la llamada ley del ciberasedio, que les ha permitido un poco de espacio dentro de la conversaci\u00f3n p\u00fablica, lo que lleva a la especulaci\u00f3n que eventualmente podr\u00edan ser las \u00fanicas candidatas de sus respectivos partidos pol\u00edticos, pero con escasas posibilidades de triunfo.<\/p>\n\n\n\n<p>Por lo tanto DONDE SE CONCENTRARA LA TENSION Y LA VERDADERA&nbsp; GUERRA POR LA NOMINACION SERA AL INTERIOR DE MORENA, donde ya se pueden identificar perfectamente&nbsp; tres bloques con distintos or\u00edgenes pol\u00edticos, cada uno de los cuales tiene su propio impulso y no se debe desde\u00f1ar a ninguno.<\/p>\n\n\n\n<p>En el primer grupo se encuentran las cartas con las que jugar\u00e1 la contienda interna el actual gobernador del Estado Alejandro Armenta, de las cuales figura en primer lugar el Coordinador del Gabinete Jos\u00e9 Luis Garc\u00eda Parra, le sigue muy de cerca la diputada local de Morena Laura Artemisa Garc\u00eda Ch\u00e1vez, al igual que la Secretaria del Deporte Gaby la \u201cBonita\u201d S\u00e1nchez y el coordinador del Programa Estatal de Mantenimiento Permanente Israel Pacheco.<\/p>\n\n\n\n<p>En el segundo grupo se encuentra el Presidente Municipal en funciones Jos\u00e9 Chedraui, quien por \u201cprelaci\u00f3n\u201d le tocar\u00eda jugar la reelecci\u00f3n, pero adem\u00e1s tiene el respaldo del ex gobernador Sergio Salom\u00f3n C\u00e9spedes quien actualmente ostenta un importante cargo en el gobierno federal, seguido de la Directora de la Loter\u00eda Nacional&nbsp; Olivia Salom\u00f3n, quien sin despeinarse podr\u00eda convertirse al final del d\u00eda en el caballo negro de la contienda interna&nbsp; si en el alg\u00fan momento la Presidenta de la Rep\u00fablica Claudia Sheimbaun decidiera intervenir en la definici\u00f3n de la candidatura a la Alcald\u00eda poblana.<\/p>\n\n\n\n<p>El tercer grupo es el m\u00e1s interesante porque ah\u00ed se ubican los aspirantes que representan a los fundadores, tambi\u00e9n llamados \u201cpuros\u201d del morenismo y que esta vez no creo que vaya a ser f\u00e1cil hacerlos a un lado, toda vez que ya se ha puesto de manifiesto que la molestia de un importante sector dentro del movimiento de regeneraci\u00f3n nacional ha ido creciendo, pues ya saben que tienden a ser los primeros sacrificados, por lo que habr\u00e1 que irse con tiento para consensar previamente la decisi\u00f3n que se tome en el proceso interno.<\/p>\n\n\n\n<p>En este grupo se encuentra la ex Alcaldesa Claudia Rivero Vivanco, el ex dirigente estatal de Morena Gabriel Biestro, el delegado federal Rodrigo Abdala, el diputado federal Alejandro Carvajal, la diputada federal Nora Merino Escamilla y por \u00faltimo el regidor en el Ayuntamiento de Puebla, Leobardo Rodr\u00edguez.<\/p>\n\n\n\n<p>Cada uno de ellos tiene o se siente con una trayectoria y m\u00e9ritos suficientes para contender y aqu\u00ed es donde todo se puede descomponer, si no se maneja de manera inteligente y cuidadosa la asignaci\u00f3n de la candidatura.<\/p>\n\n\n\n<p>Los aspirantes que forman parte de los primeros dos grupos est\u00e1n conformado por cuadros pol\u00edticos de reciente incorporaci\u00f3n al movimiento, son fichas en el proyecto pol\u00edtico de alguien y CASI TODOS se sujetar\u00e1n d\u00f3cilmente si reciben la indicaci\u00f3n de hacerse a un lado, sin abrir frentes ni da\u00f1os colaterales y aceptar\u00e1n los t\u00e9rminos de cualquier negociaci\u00f3n.<\/p>\n\n\n\n<p>Sin embargo lo que no se debe perder de vista es que de TODOS los aspirantes AL MENOS UNO DE ELLOS que no se vea favorecido con la candidatura, se va a inconformar y va a renunciar a Morena para buscar la Presidencia Municipal bajo las siglas de otro partido, generando un boquete por m\u00ednimo que sea, pero menguando sus posibilidades de triunfo, tomando en cuenta adem\u00e1s que a esas alturas (2027) el ejercicio del poder siempre genera un desgaste y los \u00edndices de aprobaci\u00f3n gubernamental no ser\u00e1n los mismos que existen ahora, es decir una fisura, o fractura, dependiendo quien se rebele, s\u00ed pone en riesgo la elecci\u00f3n.<\/p>\n\n\n\n<p>El caso es que el no elegido o elegidos buscar\u00e1n la manera de no quedarse fuera y tomando en cuenta que&nbsp; la oposici\u00f3n tiene una notable carencia de cuadros competitivos, all\u00e1 ser\u00e1n recibidos con los brazos abiertos, lo que al final del d\u00eda generar\u00e1 una contienda a la Alcald\u00eda de Kramer contra Kramer, Morena contra Morena\u2026<\/p>\n\n\n\n<p>\u00b7&nbsp; &nbsp; &nbsp; &nbsp; El autor es abogado, escritor y analista pol\u00edtico.<\/p>\n","protected":false},"excerpt":{"rendered":"<p>Por Manuel CARMONA Aunque poco se ha hablado del tema, lo cierto es que desde hace meses al interior del partido gobernante ya ha comenzado la carrera rumbo a la Alcald\u00eda en el municipio de Puebla, los interesados andan muy activos armando estructuras, actividades orientadas a construir posicionamiento, haciendo acuerdos etc.&nbsp; y hasta el momento [&hellip;]<\/p>\n","protected":false},"author":1,"featured_media":137165,"comment_status":"open","ping_status":"open","sticky":false,"template":"","format":"standard","meta":{"footnotes":""},"categories":[12],"tags":[],"_links":{"self":[{"href":"https:\/\/diariodigitalmx.com\/index.php\/wp-json\/wp\/v2\/posts\/137369"}],"collection":[{"href":"https:\/\/diariodigitalmx.com\/index.php\/wp-json\/wp\/v2\/posts"}],"about":[{"href":"https:\/\/diariodigitalmx.com\/index.php\/wp-json\/wp\/v2\/types\/post"}],"author":[{"embeddable":true,"href":"https:\/\/diariodigitalmx.com\/index.php\/wp-json\/wp\/v2\/users\/1"}],"replies":[{"embeddable":true,"href":"https:\/\/diariodigitalmx.com\/index.php\/wp-json\/wp\/v2\/comments?post=137369"}],"version-history":[{"count":1,"href":"https:\/\/diariodigitalmx.com\/index.php\/wp-json\/wp\/v2\/posts\/137369\/revisions"}],"predecessor-version":[{"id":137370,"href":"https:\/\/diariodigitalmx.com\/index.php\/wp-json\/wp\/v2\/posts\/137369\/revisions\/137370"}],"wp:featuredmedia":[{"embeddable":true,"href":"https:\/\/diariodigitalmx.com\/index.php\/wp-json\/wp\/v2\/media\/137165"}],"wp:attachment":[{"href":"https:\/\/diariodigitalmx.com\/index.php\/wp-json\/wp\/v2\/media?parent=137369"}],"wp:term":[{"taxonomy":"category","embeddable":true,"href":"https:\/\/diariodigitalmx.com\/index.php\/wp-json\/wp\/v2\/categories?post=137369"},{"taxonomy":"post_tag","embeddable":true,"href":"https:\/\/diariodigitalmx.com\/index.php\/wp-json\/wp\/v2\/tags?post=137369"}],"curies":[{"name":"wp","href":"https:\/\/api.w.org\/{rel}","templated":true}]}}