{"id":137388,"date":"2025-07-14T05:46:18","date_gmt":"2025-07-14T11:46:18","guid":{"rendered":"https:\/\/diariodigitalmx.com\/?p=137388"},"modified":"2025-07-14T05:47:14","modified_gmt":"2025-07-14T11:47:14","slug":"transporte-escolar-obligatorio-gratuito","status":"publish","type":"post","link":"https:\/\/diariodigitalmx.com\/index.php\/2025\/07\/14\/transporte-escolar-obligatorio-gratuito\/","title":{"rendered":"Transporte escolar obligatorio gratuito"},"content":{"rendered":"\n<p>Luz Mar\u00eda Ortiz Quintos<\/p>\n\n\n\n<p>Resulta interesante la postura del actual secretario de Educaci\u00f3n de Nuevo Le\u00f3n, Juan Paura Garc\u00eda, respecto a la iniciativa que est\u00e1 por presentar en el Congreso del Estado sobre la nueva ley de educaci\u00f3n, la cual pretende que el transporte escolar sea obligatorio solo para colegios privados.<\/p>\n\n\n\n<p>Comparto algunos comentarios que han expresado padres de familia al respecto:<\/p>\n\n\n\n<p>\u00b7&nbsp;&nbsp;&nbsp;&nbsp;&nbsp;&nbsp;&nbsp;&nbsp;&#8220;Preferimos transporte gratuito en lugar de festivales. Es importante administrar bien los recursos.&#8221;<\/p>\n\n\n\n<p>\u00b7&nbsp;&nbsp;&nbsp;&nbsp;&nbsp;&nbsp;&nbsp;&nbsp;&#8220;Lo obligatorio deber\u00eda ser que, al iniciar cada ciclo escolar, se proporcione a las escuelas pintura, material did\u00e1ctico, de oficina y de limpieza.&#8221;<\/p>\n\n\n\n<p>\u00b7&nbsp;&nbsp;&nbsp;&nbsp;&nbsp;&nbsp;&nbsp;&nbsp;&#8220;Para algunas familias es un sacrificio pagar la educaci\u00f3n privada; consideran que un pago adicional no es justo.&#8221;<\/p>\n\n\n\n<p>La semana pasada abord\u00e9 este tema, y nuevamente lo menciono en este importante medio de comunicaci\u00f3n. Estaremos buscando una reuni\u00f3n con el secretario, confiamos en que sea una autoridad abierta al di\u00e1logo y dispuesta a escucharnos.<\/p>\n\n\n\n<p>La ley de educaci\u00f3n debe ser mejorada, pero con la que actualmente tenemos hemos trabajado. Si se est\u00e1 convocando a las asociaciones civiles a participar en mesas de trabajo, queremos pensar que es con la intenci\u00f3n de escuchar verdaderamente las voces de las familias neoleonesas.<\/p>\n\n\n\n<p>No quisi\u00e9ramos pensar que estas mesas sean solo una simulaci\u00f3n cuyo resultado sea simplemente la imposici\u00f3n de la autoridad en turno.<\/p>\n\n\n\n<p>Respetamos a las autoridades, y como ciudadanos, lo menos que esperamos es recibir ese mismo respeto. No nos hemos prestado, ni lo haremos, a ninguna simulaci\u00f3n.<\/p>\n\n\n\n<p>Nuestra postura es leg\u00edtima: esta propuesta de transporte escolar obligatorio solo para familias de colegios privados representa un golpe m\u00e1s a la econom\u00eda.<\/p>\n\n\n\n<p>Reitero que la mayor\u00eda de las familias neoleonesas tienen a sus hijos en escuelas p\u00fablicas. Si se est\u00e1 considerando el transporte escolar obligatorio, deber\u00eda ser gratuito y aplicable para toda la comunidad de educaci\u00f3n b\u00e1sica.<\/p>\n\n\n\n<p>Se asignan recursos p\u00fablicos a muchos programas que no tienen demanda. Podr\u00edamos mencionar varios, y las autoridades lo saben perfectamente. Trasciendan por sus buenas decisiones. Este es un momento para dejar su nombre en alto y un legado positivo para sus hijos.<\/p>\n","protected":false},"excerpt":{"rendered":"<p>Luz Mar\u00eda Ortiz Quintos Resulta interesante la postura del actual secretario de Educaci\u00f3n de Nuevo Le\u00f3n, Juan Paura Garc\u00eda, respecto a la iniciativa que est\u00e1 por presentar en el Congreso del Estado sobre la nueva ley de educaci\u00f3n, la cual pretende que el transporte escolar sea obligatorio solo para colegios privados. Comparto algunos comentarios que [&hellip;]<\/p>\n","protected":false},"author":1,"featured_media":136794,"comment_status":"open","ping_status":"open","sticky":false,"template":"","format":"standard","meta":{"footnotes":""},"categories":[12,5],"tags":[],"_links":{"self":[{"href":"https:\/\/diariodigitalmx.com\/index.php\/wp-json\/wp\/v2\/posts\/137388"}],"collection":[{"href":"https:\/\/diariodigitalmx.com\/index.php\/wp-json\/wp\/v2\/posts"}],"about":[{"href":"https:\/\/diariodigitalmx.com\/index.php\/wp-json\/wp\/v2\/types\/post"}],"author":[{"embeddable":true,"href":"https:\/\/diariodigitalmx.com\/index.php\/wp-json\/wp\/v2\/users\/1"}],"replies":[{"embeddable":true,"href":"https:\/\/diariodigitalmx.com\/index.php\/wp-json\/wp\/v2\/comments?post=137388"}],"version-history":[{"count":1,"href":"https:\/\/diariodigitalmx.com\/index.php\/wp-json\/wp\/v2\/posts\/137388\/revisions"}],"predecessor-version":[{"id":137389,"href":"https:\/\/diariodigitalmx.com\/index.php\/wp-json\/wp\/v2\/posts\/137388\/revisions\/137389"}],"wp:featuredmedia":[{"embeddable":true,"href":"https:\/\/diariodigitalmx.com\/index.php\/wp-json\/wp\/v2\/media\/136794"}],"wp:attachment":[{"href":"https:\/\/diariodigitalmx.com\/index.php\/wp-json\/wp\/v2\/media?parent=137388"}],"wp:term":[{"taxonomy":"category","embeddable":true,"href":"https:\/\/diariodigitalmx.com\/index.php\/wp-json\/wp\/v2\/categories?post=137388"},{"taxonomy":"post_tag","embeddable":true,"href":"https:\/\/diariodigitalmx.com\/index.php\/wp-json\/wp\/v2\/tags?post=137388"}],"curies":[{"name":"wp","href":"https:\/\/api.w.org\/{rel}","templated":true}]}}