{"id":137392,"date":"2025-07-14T06:01:39","date_gmt":"2025-07-14T12:01:39","guid":{"rendered":"https:\/\/diariodigitalmx.com\/?p=137392"},"modified":"2025-07-14T06:02:43","modified_gmt":"2025-07-14T12:02:43","slug":"la-cascada-a-las-narrativas-de-poder","status":"publish","type":"post","link":"https:\/\/diariodigitalmx.com\/index.php\/2025\/07\/14\/la-cascada-a-las-narrativas-de-poder\/","title":{"rendered":"La Cascada a\u00a0 las Narrativas de Poder"},"content":{"rendered":"\n<p>Dr. Emiliano Carrillo Carrasco<\/p>\n\n\n\n<p>El poder ense\u00f1a obedecer sin capacidad de pensar. La obediencia se convierte en costumbre es Enga\u00f1o. La libertad comienza en mente. Cuando obedecer y cuando ya basta, el pensar es supervivencia. La mentira triunfa con injusticia, el que calla otorga, el ser ficha ,el silencio es la m\u00e1xima de la cobard\u00eda!. La descomposici\u00f3n administrativa viene de arriba hacia abajo, ha llegado la hora de las grandes reflexiones porque vamos muy mal y no debemos seguir aumentando la desintegraci\u00f3n eligiendo malos gobernantes. Este pa\u00eds debe de cambiar. La organizaci\u00f3n burocr\u00e1tica presenta una tendencia a transformarse en la direcci\u00f3n de los intereses en aquellos que se encuentran en la c\u00faspide jer\u00e1rquica de la organizaci\u00f3n que de alguna manera aseguran la lealtad \u201cesta se entiende en forma rec\u00edproca para adquirirla \u201cy obediencia de los subordinados por m\u00e9todos de selecci\u00f3n, contrataci\u00f3n&nbsp; y permanencia en el cargo. La Paciencia se agota. \u201cLa libertad y la igualdad pol\u00edtica es el eje de la democracia con&nbsp; base a las reglas de&nbsp; juegos&nbsp; que se deben respetar y al estado de derecho. El derecho es un deber que se deber\u00e1 cumplir conforme a nuestra Carta fundamental de nuestra constituci\u00f3n de 1917 Vigente. La ignorancia, el ego\u00edsmo y la depravaci\u00f3n econ\u00f3mica. La etapa de la concentraci\u00f3n del poder judicial a un sistema centralista del jefe pol\u00edtico.<\/p>\n\n\n\n<p>La p\u00e9rdida del federalismo Mexicano. El sistema democr\u00e1tico a la extinci\u00f3n de la Republica a un sistema de gobierno Autocr\u00e1tico. El pluralismo ineficaz, que la sociedad que no da resultado porque no se traducen abatimiento de la pobreza, el mejoramiento de la seguridad, a la justicia del pueblo para el pueblo. La p\u00e9rdida de la calidad de vida&nbsp; y creciente desigualdad por d\u00e9cadas consecutivas a gobiernos ineficientes.&nbsp;<\/p>\n\n\n\n<p>La&nbsp; juventud en el&nbsp; Estado de M\u00e9xico concentra un alto porcentaje de la problem\u00e1tica juvenil total del pa\u00eds: aqu\u00ed hay m\u00e1s j\u00f3venes desempleados, marginados de la educaci\u00f3n superior y media superior, afectados por las drogas, la violencia, presos, v\u00edctimas de la inseguridad p\u00fablica y la desintegraci\u00f3n familiar.&nbsp;<\/p>\n\n\n\n<p>El Estado de M\u00e9xico adquiere especial gravedad&nbsp; al ser instrumento de la delincuencia. El alto porcentaje est\u00e1 desempleado o labora en la econom\u00eda informal, con bajos salarios y sin prestaciones. La&nbsp; juventud en el&nbsp; Estado de M\u00e9xico concentra un alto porcentaje de la problem\u00e1tica juvenil total del pa\u00eds: aqu\u00ed hay m\u00e1s j\u00f3venes desempleados, marginados de la educaci\u00f3n superior y media superior, afectados por las drogas, la violencia, presos, v\u00edctimas de la inseguridad p\u00fablica y la desintegraci\u00f3n familiar. El Estado de M\u00e9xico adquiere especial gravedad por los casi 4 millones de j\u00f3venes que viven aqu\u00ed, de los cuales un alto porcentaje est\u00e1 desempleado o labora en la econom\u00eda informal, con bajos salarios y sin prestaciones. La&nbsp; actividad econ\u00f3mica al 54% a la informalidad. La Pobreza: La falta de educaci\u00f3n y la ignorancia pueden contribuir a la pobreza, ya que limitan las oportunidades laborales y de desarrollo. La Desigualdad: La falta de educaci\u00f3n y la ignorancia pueden perpetuar la desigualdad social y econ\u00f3mica, ya que aquellas personas con acceso a la educaci\u00f3n y la informaci\u00f3n tienen m\u00e1s oportunidades de \u00e9xito. La Violencia: La falta de educaci\u00f3n y la ignorancia pueden contribuir a la violencia, ya que las personas pueden no tener las habilidades y competencias necesarias para resolver conflictos de manera pac\u00edfica.<\/p>\n\n\n\n<p>! El mundo castiga la ingenuidad y causa Caos, no todo se soluciona con ternura, debe haber el basta \u00a1El poder ense\u00f1a obedecer sin capacidad de pensar. La obediencia se convierte en costumbre es Enga\u00f1o. La libertad comienza en mente. Cuando obedecer y cuando ya basta, el pensar es supervivencia. La mentira triunfa con injusticia, el que calla otorga, el ser ficha ,el silencio es la m\u00e1xima de la cobard\u00eda! El acceso a la educaci\u00f3n superior y media superior, constituyendo un problema muy serio para las autoridades con una cobertura 36% LOCAL Y FEDERAL 54% y la sociedad, porque las consecuencias de esta realidad rebasan el \u00e1mbito personal de los afectados e impacta negativamente al conjunto de la comunidad.La gobernabilidad en un estado de quiebre a la perdida de las finanzas p\u00fablicas y sin recursos p\u00fablicos. Las acciones a las inacciones sociales .<\/p>\n\n\n\n<p>&nbsp;La falta de educaci\u00f3n: &#8211;&nbsp; La falta de educaci\u00f3n se refiere a la ausencia de acceso a la educaci\u00f3n formal o informal, lo que puede limitar las oportunidades y habilidades de las personas. Causas: La falta de educaci\u00f3n puede ser causada por factores como la pobreza, la falta de acceso a la educaci\u00f3n, la exclusi\u00f3n social y la falta de recursos. Efectos: La falta de educaci\u00f3n puede tener efectos negativos en la vida personal y profesional de las personas, como la falta de oportunidades laborales, la pobreza y la exclusi\u00f3n social.<\/p>\n\n\n\n<p>El sistema est\u00e1 hecho para poder interactuar y&nbsp; como las personas viven de las narrativas .El mundo inmerso&nbsp; a qu\u00e9 la mayor\u00eda no piense , es una actitud de no quer\u00e9is saber , esto permite que lleguen los peores. El est\u00fapido solo necesita creer , aplaude el que miente y ataca a los que abrir su mente&nbsp; &nbsp;,es un acto voluntario de no querer saber ,Ser fichas o tablero en la acci\u00f3n del poder .<\/p>\n\n\n\n<p>Los idiotas in\u00fatiles se encuentran en los medios, son herramientas del sistema del enga\u00f1o ,los pueblos que los toleran , el problema es la masa sin criterio y pensamiento . El defender algo que no se entiende .haz votado sin leer un programa electoral , la estupidez destruye su entorno y siempre busca su comodidad. Pensar diferente. La lucidez molesta y&nbsp; molesta el sistema ,las masas solo son inductivas ,nunca ven el tablero , son sujetos de reproducci\u00f3n de lo ven .el entender el poder es ser protagonista y no testigo .&nbsp;<\/p>\n\n\n\n<p><a href=\"https:\/\/www.facebook.com\/share\/v\/1CEsmjyA8g\">https:\/\/www.facebook.com\/share\/v\/1CEsmjyA8g<\/a><\/p>\n","protected":false},"excerpt":{"rendered":"<p>Dr. Emiliano Carrillo Carrasco El poder ense\u00f1a obedecer sin capacidad de pensar. La obediencia se convierte en costumbre es Enga\u00f1o. La libertad comienza en mente. Cuando obedecer y cuando ya basta, el pensar es supervivencia. La mentira triunfa con injusticia, el que calla otorga, el ser ficha ,el silencio es la m\u00e1xima de la cobard\u00eda!. [&hellip;]<\/p>\n","protected":false},"author":1,"featured_media":136966,"comment_status":"open","ping_status":"open","sticky":false,"template":"","format":"standard","meta":{"footnotes":""},"categories":[12],"tags":[],"_links":{"self":[{"href":"https:\/\/diariodigitalmx.com\/index.php\/wp-json\/wp\/v2\/posts\/137392"}],"collection":[{"href":"https:\/\/diariodigitalmx.com\/index.php\/wp-json\/wp\/v2\/posts"}],"about":[{"href":"https:\/\/diariodigitalmx.com\/index.php\/wp-json\/wp\/v2\/types\/post"}],"author":[{"embeddable":true,"href":"https:\/\/diariodigitalmx.com\/index.php\/wp-json\/wp\/v2\/users\/1"}],"replies":[{"embeddable":true,"href":"https:\/\/diariodigitalmx.com\/index.php\/wp-json\/wp\/v2\/comments?post=137392"}],"version-history":[{"count":2,"href":"https:\/\/diariodigitalmx.com\/index.php\/wp-json\/wp\/v2\/posts\/137392\/revisions"}],"predecessor-version":[{"id":137394,"href":"https:\/\/diariodigitalmx.com\/index.php\/wp-json\/wp\/v2\/posts\/137392\/revisions\/137394"}],"wp:featuredmedia":[{"embeddable":true,"href":"https:\/\/diariodigitalmx.com\/index.php\/wp-json\/wp\/v2\/media\/136966"}],"wp:attachment":[{"href":"https:\/\/diariodigitalmx.com\/index.php\/wp-json\/wp\/v2\/media?parent=137392"}],"wp:term":[{"taxonomy":"category","embeddable":true,"href":"https:\/\/diariodigitalmx.com\/index.php\/wp-json\/wp\/v2\/categories?post=137392"},{"taxonomy":"post_tag","embeddable":true,"href":"https:\/\/diariodigitalmx.com\/index.php\/wp-json\/wp\/v2\/tags?post=137392"}],"curies":[{"name":"wp","href":"https:\/\/api.w.org\/{rel}","templated":true}]}}