{"id":137421,"date":"2025-07-14T22:37:00","date_gmt":"2025-07-15T04:37:00","guid":{"rendered":"https:\/\/diariodigitalmx.com\/?p=137421"},"modified":"2025-07-14T22:48:56","modified_gmt":"2025-07-15T04:48:56","slug":"gerson-gomez-recomienda-libros-para-leer","status":"publish","type":"post","link":"https:\/\/diariodigitalmx.com\/index.php\/2025\/07\/14\/gerson-gomez-recomienda-libros-para-leer\/","title":{"rendered":"Gerson G\u00f3mez recomienda libros para leer"},"content":{"rendered":"\n<p>Cad\u00e1ver Perlongher de Juan Antonio Alfaro<\/p>\n\n\n\n<p>\u00a0Cad\u00e1ver Perlongher de Juan Antonio Alfaro es el libro ganador del Premio Nacional de Poes\u00eda Joven El\u00edas Nandino 2022. El poemario est\u00e1 dividido en dos secciones: \u201cRetrato hablado del cuerpo antes de ser borrado\u201d y \u201cLadrillos de registro\u201d. A su vez, \u201cLadrillos de registro\u201d est\u00e1 subdividido en 54 apartados. El libro parte del poema \u201cCad\u00e1veres\u201d (1981) del poeta argentino N\u00e9stor Perlongher (1949-1992) para reflexionar en torno a las desapariciones de personas en Am\u00e9rica Latina. El libro dialoga con las figuras centrales de la poes\u00eda pol\u00edtica del presente.<\/p>\n\n\n\n<figure class=\"wp-block-image size-full\"><img loading=\"lazy\" decoding=\"async\" width=\"317\" height=\"335\" src=\"https:\/\/diariodigitalmx.com\/wp-content\/uploads\/2025\/07\/FM11859.jpg\" alt=\"\" class=\"wp-image-137433\" srcset=\"https:\/\/diariodigitalmx.com\/wp-content\/uploads\/2025\/07\/FM11859.jpg 317w, https:\/\/diariodigitalmx.com\/wp-content\/uploads\/2025\/07\/FM11859-284x300.jpg 284w\" sizes=\"(max-width: 317px) 100vw, 317px\" \/><\/figure>\n\n\n\n<p>&nbsp;Cesare. Una novela del Berl\u00edn devastado por la guerra de Jerome Charyn<\/p>\n\n\n\n<p>\u00a0Durante el Tercer Reich, el joven Erik Holdermann es reclutado por el jefe mismo de la inteligencia alemana, Wilhelm Canaris, quien busca transformarlo en un asesino despiadado conocido como Cesare. Ambos se convertir\u00e1n en una valiosa arma para el r\u00e9gimen nazi, pero al mismo tiempo aprovechar\u00e1n su poder para socavarlo y ayudar a los jud\u00edos de Berl\u00edn, muchos de los cuales est\u00e1n siendo enviados a un falso para\u00edso que es tan s\u00f3lo un pre\u00e1mbulo de los campos de concentraci\u00f3n. Es a este lugar a donde env\u00edan a la mujer que Erik ama, y \u00e9l har\u00e1 desatar\u00e1 el infierno con tal de rescatarla.<\/p>\n\n\n\n<figure class=\"wp-block-image size-full\"><img loading=\"lazy\" decoding=\"async\" width=\"298\" height=\"350\" src=\"https:\/\/diariodigitalmx.com\/wp-content\/uploads\/2025\/07\/FM11777.jpg\" alt=\"\" class=\"wp-image-137434\" srcset=\"https:\/\/diariodigitalmx.com\/wp-content\/uploads\/2025\/07\/FM11777.jpg 298w, https:\/\/diariodigitalmx.com\/wp-content\/uploads\/2025\/07\/FM11777-255x300.jpg 255w\" sizes=\"(max-width: 298px) 100vw, 298px\" \/><\/figure>\n\n\n\n<p>&nbsp;72 horas de Marie-Sophie Vermot<\/p>\n\n\n\n<p>\u00a0Irene tiene 72 horas para repensar su decisi\u00f3n, la que tom\u00f3 meses atr\u00e1s, cuando se dio cuenta de que su menstruaci\u00f3n no llegaba. Ahora est\u00e1 a punto de dar a luz y entregar a su beb\u00e9 en adopci\u00f3n. Durante su estad\u00eda en el hospital, y a trav\u00e9s de recuerdos fragmentados sobre su familia y su pasado, Irene nos cuenta su historia: la figura de su madre imponente, la condici\u00f3n de su hermanita, el cobijo que siente con su abuela y aquella tarde de verano en la que conoci\u00f3 a Alban y su vida cambi\u00f3. El momento para despedirse est\u00e1 cerca, \u00bfser\u00e1 capaz de mantenerse firme y seguir con el plan?<\/p>\n\n\n\n<figure class=\"wp-block-image size-full\"><img loading=\"lazy\" decoding=\"async\" width=\"322\" height=\"370\" src=\"https:\/\/diariodigitalmx.com\/wp-content\/uploads\/2025\/07\/FM11885.jpg\" alt=\"\" class=\"wp-image-137436\" srcset=\"https:\/\/diariodigitalmx.com\/wp-content\/uploads\/2025\/07\/FM11885.jpg 322w, https:\/\/diariodigitalmx.com\/wp-content\/uploads\/2025\/07\/FM11885-261x300.jpg 261w\" sizes=\"(max-width: 322px) 100vw, 322px\" \/><\/figure>\n\n\n\n<p>&nbsp;\u00daltimos d\u00edas en el Puesto del Este de Cristina Fallar\u00e1s<\/p>\n\n\n\n<p>\u00daltimos d\u00edas en el Puesto del Este se divide estructuralmente en dos partes: la historia de supervivencia de una madre que tiene que cuidar a sus hijos en una situaci\u00f3n de peligro; y otra que se remonta al pasado, en la cual la protagonista, una mujer que conocemos \u00fanicamente como la Polaca, encuentra un lugar seguro en el recuerdo de un amante que tuvo a\u00f1os antes. En esta novela, Cristina Fallar\u00e1s plantea una situaci\u00f3n ambigua en la que la tensi\u00f3n y la angustia escalan hasta culminar en un sombr\u00edo final.<\/p>\n","protected":false},"excerpt":{"rendered":"<p>Cad\u00e1ver Perlongher de Juan Antonio Alfaro \u00a0Cad\u00e1ver Perlongher de Juan Antonio Alfaro es el libro ganador del Premio Nacional de Poes\u00eda Joven El\u00edas Nandino 2022. El poemario est\u00e1 dividido en dos secciones: \u201cRetrato hablado del cuerpo antes de ser borrado\u201d y \u201cLadrillos de registro\u201d. A su vez, \u201cLadrillos de registro\u201d est\u00e1 subdividido en 54 apartados. [&hellip;]<\/p>\n","protected":false},"author":1,"featured_media":137431,"comment_status":"open","ping_status":"open","sticky":false,"template":"","format":"standard","meta":{"footnotes":""},"categories":[11],"tags":[],"_links":{"self":[{"href":"https:\/\/diariodigitalmx.com\/index.php\/wp-json\/wp\/v2\/posts\/137421"}],"collection":[{"href":"https:\/\/diariodigitalmx.com\/index.php\/wp-json\/wp\/v2\/posts"}],"about":[{"href":"https:\/\/diariodigitalmx.com\/index.php\/wp-json\/wp\/v2\/types\/post"}],"author":[{"embeddable":true,"href":"https:\/\/diariodigitalmx.com\/index.php\/wp-json\/wp\/v2\/users\/1"}],"replies":[{"embeddable":true,"href":"https:\/\/diariodigitalmx.com\/index.php\/wp-json\/wp\/v2\/comments?post=137421"}],"version-history":[{"count":3,"href":"https:\/\/diariodigitalmx.com\/index.php\/wp-json\/wp\/v2\/posts\/137421\/revisions"}],"predecessor-version":[{"id":137437,"href":"https:\/\/diariodigitalmx.com\/index.php\/wp-json\/wp\/v2\/posts\/137421\/revisions\/137437"}],"wp:featuredmedia":[{"embeddable":true,"href":"https:\/\/diariodigitalmx.com\/index.php\/wp-json\/wp\/v2\/media\/137431"}],"wp:attachment":[{"href":"https:\/\/diariodigitalmx.com\/index.php\/wp-json\/wp\/v2\/media?parent=137421"}],"wp:term":[{"taxonomy":"category","embeddable":true,"href":"https:\/\/diariodigitalmx.com\/index.php\/wp-json\/wp\/v2\/categories?post=137421"},{"taxonomy":"post_tag","embeddable":true,"href":"https:\/\/diariodigitalmx.com\/index.php\/wp-json\/wp\/v2\/tags?post=137421"}],"curies":[{"name":"wp","href":"https:\/\/api.w.org\/{rel}","templated":true}]}}