{"id":137466,"date":"2025-07-16T08:56:04","date_gmt":"2025-07-16T14:56:04","guid":{"rendered":"https:\/\/diariodigitalmx.com\/?p=137466"},"modified":"2025-07-16T09:28:50","modified_gmt":"2025-07-16T15:28:50","slug":"anuncia-escobedo-cierre-parcial-en-raul-salinas-por-trabajos-ferroviarios","status":"publish","type":"post","link":"https:\/\/diariodigitalmx.com\/index.php\/2025\/07\/16\/anuncia-escobedo-cierre-parcial-en-raul-salinas-por-trabajos-ferroviarios\/","title":{"rendered":"Anuncia Escobedo cierre parcial en Ra\u00fal Salinas por trabajos ferroviarios"},"content":{"rendered":"\n<figure class=\"wp-block-image size-full\"><img loading=\"lazy\" decoding=\"async\" width=\"719\" height=\"413\" src=\"https:\/\/diariodigitalmx.com\/wp-content\/uploads\/2025\/07\/Screenshot_20250716_091626_Gallery.jpg\" alt=\"\" class=\"wp-image-137476\" srcset=\"https:\/\/diariodigitalmx.com\/wp-content\/uploads\/2025\/07\/Screenshot_20250716_091626_Gallery.jpg 719w, https:\/\/diariodigitalmx.com\/wp-content\/uploads\/2025\/07\/Screenshot_20250716_091626_Gallery-300x172.jpg 300w\" sizes=\"(max-width: 719px) 100vw, 719px\" \/><\/figure>\n\n\n\n<p>El Gobierno Municipal de Escobedo informa que a partir de este jueves se realizar\u00e1 un cierre parcial en la avenida Ra\u00fal Salinas, a la altura del cruce con V\u00eda a Torre\u00f3n, donde se llevar\u00e1n a cabo trabajos de modernizaci\u00f3n y reforzamiento de equipamiento ferroviario para la seguridad del cruce mediante la instalaci\u00f3n de barreras y sem\u00e1foros de alerta.<br>Los trabajos comenzar\u00e1n el pr\u00f3ximo jueves 17 y tendr\u00e1n una duraci\u00f3n aproximada de dos semanas, siempre que las condiciones climatol\u00f3gicas lo permitan.<br>La obra se desarrollar\u00e1 en dos etapas y durante ese periodo se implementar\u00e1 un carril de contraflujo para mantener la circulaci\u00f3n en ambos sentidos de la avenida.<br>La Secretar\u00eda de Seguridad Ciudadana estar\u00e1 a cargo de implementar medidas de vigilancia y ordenamiento vial con presencia de elementos de tr\u00e1nsito que orientar\u00e1n a los conductores y garantizar\u00e1n la fluidez durante las maniobras.<br>Asimismo, el personal del INMPLAN Escobedo supervisar\u00e1 que las adecuaciones se realicen conforme a las normas t\u00e9cnicas y especificaciones marcadas por la Secretar\u00eda de Infraestructura, Comunicaciones y Transportes (SICT), asegurando el uso de materiales y procesos adecuados.<br>Una vez concluidos los trabajos estructurales, se realizar\u00e1n acciones complementarias como el pintado de banquetas, delimitaci\u00f3n de carriles, instalaci\u00f3n de se\u00f1al\u00e9tica horizontal y vertical media para la operaci\u00f3n \u00f3ptima del crucero intervenido.<\/p>\n\n\n\n<figure class=\"wp-block-image size-full\"><img loading=\"lazy\" decoding=\"async\" width=\"685\" height=\"463\" src=\"https:\/\/diariodigitalmx.com\/wp-content\/uploads\/2025\/07\/Screenshot_20250716_092047_Word.jpg\" alt=\"\" class=\"wp-image-137478\" srcset=\"https:\/\/diariodigitalmx.com\/wp-content\/uploads\/2025\/07\/Screenshot_20250716_092047_Word.jpg 685w, https:\/\/diariodigitalmx.com\/wp-content\/uploads\/2025\/07\/Screenshot_20250716_092047_Word-300x203.jpg 300w\" sizes=\"(max-width: 685px) 100vw, 685px\" \/><\/figure>\n\n\n\n<p>El Gobierno Municipal exhorta a la ciudadan\u00eda a tomar precauciones, planear sus traslados con anticipaci\u00f3n y respetar los se\u00f1alamientos temporales.<br>Estas acciones est\u00e1n encaminadas a mejorar la movilidad urbana, reducir riesgos y garantizar una infraestructura vial segura y eficiente para todas y todos los escobedenses.<\/p>\n","protected":false},"excerpt":{"rendered":"<p>El Gobierno Municipal de Escobedo informa que a partir de este jueves se realizar\u00e1 un cierre parcial en la avenida Ra\u00fal Salinas, a la altura del cruce con V\u00eda a Torre\u00f3n, donde se llevar\u00e1n a cabo trabajos de modernizaci\u00f3n y reforzamiento de equipamiento ferroviario para la seguridad del cruce mediante la instalaci\u00f3n de barreras y [&hellip;]<\/p>\n","protected":false},"author":1,"featured_media":137474,"comment_status":"open","ping_status":"open","sticky":false,"template":"","format":"standard","meta":{"footnotes":""},"categories":[6],"tags":[],"_links":{"self":[{"href":"https:\/\/diariodigitalmx.com\/index.php\/wp-json\/wp\/v2\/posts\/137466"}],"collection":[{"href":"https:\/\/diariodigitalmx.com\/index.php\/wp-json\/wp\/v2\/posts"}],"about":[{"href":"https:\/\/diariodigitalmx.com\/index.php\/wp-json\/wp\/v2\/types\/post"}],"author":[{"embeddable":true,"href":"https:\/\/diariodigitalmx.com\/index.php\/wp-json\/wp\/v2\/users\/1"}],"replies":[{"embeddable":true,"href":"https:\/\/diariodigitalmx.com\/index.php\/wp-json\/wp\/v2\/comments?post=137466"}],"version-history":[{"count":3,"href":"https:\/\/diariodigitalmx.com\/index.php\/wp-json\/wp\/v2\/posts\/137466\/revisions"}],"predecessor-version":[{"id":137479,"href":"https:\/\/diariodigitalmx.com\/index.php\/wp-json\/wp\/v2\/posts\/137466\/revisions\/137479"}],"wp:featuredmedia":[{"embeddable":true,"href":"https:\/\/diariodigitalmx.com\/index.php\/wp-json\/wp\/v2\/media\/137474"}],"wp:attachment":[{"href":"https:\/\/diariodigitalmx.com\/index.php\/wp-json\/wp\/v2\/media?parent=137466"}],"wp:term":[{"taxonomy":"category","embeddable":true,"href":"https:\/\/diariodigitalmx.com\/index.php\/wp-json\/wp\/v2\/categories?post=137466"},{"taxonomy":"post_tag","embeddable":true,"href":"https:\/\/diariodigitalmx.com\/index.php\/wp-json\/wp\/v2\/tags?post=137466"}],"curies":[{"name":"wp","href":"https:\/\/api.w.org\/{rel}","templated":true}]}}