{"id":137468,"date":"2025-07-16T08:58:10","date_gmt":"2025-07-16T14:58:10","guid":{"rendered":"https:\/\/diariodigitalmx.com\/?p=137468"},"modified":"2025-07-16T09:03:07","modified_gmt":"2025-07-16T15:03:07","slug":"el-arte-de-la-comunicacion-y-manipulacion","status":"publish","type":"post","link":"https:\/\/diariodigitalmx.com\/index.php\/2025\/07\/16\/el-arte-de-la-comunicacion-y-manipulacion\/","title":{"rendered":"El arte de la comunicaci\u00f3n y manipulaci\u00f3n"},"content":{"rendered":"\n<p>Eleazar Fuentes Guti\u00e9rrez<\/p>\n\n\n\n<p><br>Cuando yo iniciaba la universidad, me preguntaba qu\u00e9 ten\u00eda que ver la pol\u00edtica con la comunicaci\u00f3n. Era una pregunta muy absurda, que ahora percibo de esa forma. Y es que pol\u00edtica es comunicaci\u00f3n, y comunicaci\u00f3n es pol\u00edtica.<br>Abordemos el tema de la comunicaci\u00f3n pol\u00edtica. En pol\u00edtica no hay coincidencias y todo comunica. En los a\u00f1os 80, Felipe Gonz\u00e1lez, un pol\u00edtico espa\u00f1ol, hizo su campa\u00f1a electoral en contra de la OTAN, mencionando que ellos no ceder\u00edan a los intereses de algunos pa\u00edses, etc. Ese estilo de comunicaci\u00f3n gener\u00f3 popularidad y lo llev\u00f3 a ganar las elecciones.<br>Cuando entra a la administraci\u00f3n, los poderes f\u00e1cticos obligaban a Espa\u00f1a a entrar a la OTAN. \u00bfY ahora c\u00f3mo comunicas a tus votantes o a tus ciudadanos que siempre s\u00ed entrar\u00e1s a la OTAN? Ah\u00ed es donde entra la manipulaci\u00f3n comunicativa, algo muy importante en la comunicaci\u00f3n pol\u00edtica: si no se puede cambiar la realidad, se puede cambiar la percepci\u00f3n de ella.<br>Los asesores de Felipe detectaron, mediante encuestas, que la palabra &#8220;OTAN&#8221; les causaba conflicto a la poblaci\u00f3n, as\u00ed que decidieron dejar de abreviarla. Ya en las encuestas le preguntaban a la gente: &#8220;\u00bfTe gustar\u00eda que Espa\u00f1a entrara a la<br>Organizaci\u00f3n del Tratado del Atl\u00e1ntico Norte?&#8221; Y la respuesta era muy a favor. En realidad, era lo mismo; solo cambiaron letras por palabras. A eso se le llama manipulaci\u00f3n comunicativa. Es interesante ver c\u00f3mo se cambian percepciones y las realidades son las mismas.<\/p>\n","protected":false},"excerpt":{"rendered":"<p>Eleazar Fuentes Guti\u00e9rrez Cuando yo iniciaba la universidad, me preguntaba qu\u00e9 ten\u00eda que ver la pol\u00edtica con la comunicaci\u00f3n. Era una pregunta muy absurda, que ahora percibo de esa forma. Y es que pol\u00edtica es comunicaci\u00f3n, y comunicaci\u00f3n es pol\u00edtica.Abordemos el tema de la comunicaci\u00f3n pol\u00edtica. En pol\u00edtica no hay coincidencias y todo comunica. En [&hellip;]<\/p>\n","protected":false},"author":1,"featured_media":137472,"comment_status":"open","ping_status":"open","sticky":false,"template":"","format":"standard","meta":{"footnotes":""},"categories":[12],"tags":[],"_links":{"self":[{"href":"https:\/\/diariodigitalmx.com\/index.php\/wp-json\/wp\/v2\/posts\/137468"}],"collection":[{"href":"https:\/\/diariodigitalmx.com\/index.php\/wp-json\/wp\/v2\/posts"}],"about":[{"href":"https:\/\/diariodigitalmx.com\/index.php\/wp-json\/wp\/v2\/types\/post"}],"author":[{"embeddable":true,"href":"https:\/\/diariodigitalmx.com\/index.php\/wp-json\/wp\/v2\/users\/1"}],"replies":[{"embeddable":true,"href":"https:\/\/diariodigitalmx.com\/index.php\/wp-json\/wp\/v2\/comments?post=137468"}],"version-history":[{"count":1,"href":"https:\/\/diariodigitalmx.com\/index.php\/wp-json\/wp\/v2\/posts\/137468\/revisions"}],"predecessor-version":[{"id":137469,"href":"https:\/\/diariodigitalmx.com\/index.php\/wp-json\/wp\/v2\/posts\/137468\/revisions\/137469"}],"wp:featuredmedia":[{"embeddable":true,"href":"https:\/\/diariodigitalmx.com\/index.php\/wp-json\/wp\/v2\/media\/137472"}],"wp:attachment":[{"href":"https:\/\/diariodigitalmx.com\/index.php\/wp-json\/wp\/v2\/media?parent=137468"}],"wp:term":[{"taxonomy":"category","embeddable":true,"href":"https:\/\/diariodigitalmx.com\/index.php\/wp-json\/wp\/v2\/categories?post=137468"},{"taxonomy":"post_tag","embeddable":true,"href":"https:\/\/diariodigitalmx.com\/index.php\/wp-json\/wp\/v2\/tags?post=137468"}],"curies":[{"name":"wp","href":"https:\/\/api.w.org\/{rel}","templated":true}]}}