{"id":137501,"date":"2025-07-16T11:59:38","date_gmt":"2025-07-16T17:59:38","guid":{"rendered":"https:\/\/diariodigitalmx.com\/?p=137501"},"modified":"2025-07-16T12:03:48","modified_gmt":"2025-07-16T18:03:48","slug":"entrega-adrian-de-la-garza-utiles-utiles-en-el-parque-aztlan","status":"publish","type":"post","link":"https:\/\/diariodigitalmx.com\/index.php\/2025\/07\/16\/entrega-adrian-de-la-garza-utiles-utiles-en-el-parque-aztlan\/","title":{"rendered":"Entrega Adri\u00e1n de la Garza \u00fatiles escolares"},"content":{"rendered":"\n<figure class=\"wp-block-image size-large\"><img loading=\"lazy\" decoding=\"async\" width=\"1024\" height=\"683\" src=\"https:\/\/diariodigitalmx.com\/wp-content\/uploads\/2025\/07\/UTILES-2025-3-1024x683.jpg\" alt=\"\" class=\"wp-image-137507\" srcset=\"https:\/\/diariodigitalmx.com\/wp-content\/uploads\/2025\/07\/UTILES-2025-3-1024x683.jpg 1024w, https:\/\/diariodigitalmx.com\/wp-content\/uploads\/2025\/07\/UTILES-2025-3-300x200.jpg 300w, https:\/\/diariodigitalmx.com\/wp-content\/uploads\/2025\/07\/UTILES-2025-3-768x512.jpg 768w, https:\/\/diariodigitalmx.com\/wp-content\/uploads\/2025\/07\/UTILES-2025-3-1536x1024.jpg 1536w, https:\/\/diariodigitalmx.com\/wp-content\/uploads\/2025\/07\/UTILES-2025-3-2048x1365.jpg 2048w\" sizes=\"(max-width: 1024px) 100vw, 1024px\" \/><\/figure>\n\n\n\n<p><\/p>\n\n\n\n<p>\u00b7&nbsp;&nbsp;&nbsp;&nbsp;&nbsp;&nbsp;&nbsp;&nbsp;&nbsp;<em>El alcalde y su comitiva supervisaron el programa que est\u00e1 vigente  hasta el 30 de julio<\/em><\/p>\n\n\n\n<p>Con el prop\u00f3sito de apoyar el desarrollo acad\u00e9mico de las infancias y los adolescentes de Monterrey, el alcalde Adri\u00e1n de la Garza reparti\u00f3  paquetes del programa \u201c\u00datiles, \u00datiles 2025\u201d en el Parque Aztl\u00e1n.<\/p>\n\n\n\n<p>Desde ayer est\u00e1n activados los m\u00f3dulos de validaci\u00f3n, registro y entrega de las mochilas y materiales escolares que solicitada cada grado del nivel b\u00e1sico.<\/p>\n\n\n\n<p>En total, se contempla la entrega de 80 mil paquetes a alumnas y alumnos de preescolar, primaria y secundaria que residan o estudien en el municipio.<\/p>\n\n\n\n<figure class=\"wp-block-image size-large\"><img loading=\"lazy\" decoding=\"async\" width=\"1024\" height=\"683\" src=\"https:\/\/diariodigitalmx.com\/wp-content\/uploads\/2025\/07\/UTILES-2025-4-1024x683.jpg\" alt=\"\" class=\"wp-image-137505\" srcset=\"https:\/\/diariodigitalmx.com\/wp-content\/uploads\/2025\/07\/UTILES-2025-4-1024x683.jpg 1024w, https:\/\/diariodigitalmx.com\/wp-content\/uploads\/2025\/07\/UTILES-2025-4-300x200.jpg 300w, https:\/\/diariodigitalmx.com\/wp-content\/uploads\/2025\/07\/UTILES-2025-4-768x512.jpg 768w, https:\/\/diariodigitalmx.com\/wp-content\/uploads\/2025\/07\/UTILES-2025-4-1536x1024.jpg 1536w, https:\/\/diariodigitalmx.com\/wp-content\/uploads\/2025\/07\/UTILES-2025-4-2048x1365.jpg 2048w\" sizes=\"(max-width: 1024px) 100vw, 1024px\" \/><\/figure>\n\n\n\n<p>La inversi\u00f3n municipal para este apoyo social fue de 39 millones de pesos, inform\u00f3 el Edil.<\/p>\n\n\n\n<p>&#8220;Este programa lo que busca es entregarle a las ni\u00f1as y ni\u00f1os de Monterrey que m\u00e1s lo requieran por las capacidades econ\u00f3micas, \u00fatiles que realmente van a ayudar a la econom\u00eda familiar y que le van a servir a los ni\u00f1os y a las ni\u00f1as para poder seguir estudiando&#8221;, se\u00f1al\u00f3 el alcalde.<\/p>\n\n\n\n<p>Para acceder al programa, es necesario presentar copia de la identificaci\u00f3n oficial con fotograf\u00eda del padre, madre o tutor; comprobante de domicilio reciente; boleta de calificaciones o carta de asignaci\u00f3n; y CURP del alumno o alumna.<\/p>\n\n\n\n<p>Las entregas se llevan a cabo desde el 14 al 30 de julio, de 9:00 a 16:00 horas, en los siguientes puntos de atenci\u00f3n:<\/p>\n\n\n\n<p>&nbsp;&nbsp;&nbsp;&nbsp;&nbsp;&nbsp;&nbsp;&nbsp;&nbsp;&nbsp;&nbsp; \u2022&nbsp;&nbsp;&nbsp;&nbsp;&nbsp;&nbsp;&nbsp;&nbsp;&nbsp; Parque Aztl\u00e1n (14 al 16 de julio)<\/p>\n\n\n\n<p>&nbsp;&nbsp;&nbsp;&nbsp;&nbsp;&nbsp;&nbsp;&nbsp;&nbsp;&nbsp;&nbsp; \u2022&nbsp;&nbsp;&nbsp;&nbsp;&nbsp;&nbsp;&nbsp;&nbsp;&nbsp; Gimnasio Monterrey 400 (17 al 19 de julio)<\/p>\n\n\n\n<p>&nbsp;&nbsp;&nbsp;&nbsp;&nbsp;&nbsp;&nbsp;&nbsp;&nbsp;&nbsp;&nbsp; \u2022&nbsp;&nbsp;&nbsp;&nbsp;&nbsp;&nbsp;&nbsp;&nbsp;&nbsp; Gimnasio \u201cBicentenario\u201d Diego de Montemayor (20 al 22 de julio)<\/p>\n\n\n\n<p>&nbsp;&nbsp;&nbsp;&nbsp;&nbsp;&nbsp;&nbsp;&nbsp;&nbsp;&nbsp;&nbsp; \u2022&nbsp;&nbsp;&nbsp;&nbsp;&nbsp;&nbsp;&nbsp;&nbsp;&nbsp; Gimnasio 10 de Marzo (23 de julio)<\/p>\n\n\n\n<p>&nbsp;&nbsp;&nbsp;&nbsp;&nbsp;&nbsp;&nbsp;&nbsp;&nbsp;&nbsp;&nbsp; \u2022&nbsp;&nbsp;&nbsp;&nbsp;&nbsp;&nbsp;&nbsp;&nbsp;&nbsp; Gimnasio La Moderna (24 de julio)<\/p>\n\n\n\n<p>&nbsp;&nbsp;&nbsp;&nbsp;&nbsp;&nbsp;&nbsp;&nbsp;&nbsp;&nbsp;&nbsp; \u2022&nbsp;&nbsp;&nbsp;&nbsp;&nbsp;&nbsp;&nbsp;&nbsp;&nbsp; Parque Tuc\u00e1n (23 y 24 de julio)<\/p>\n\n\n\n<p>&nbsp;&nbsp;&nbsp;&nbsp;&nbsp;&nbsp;&nbsp;&nbsp;&nbsp;&nbsp;&nbsp; \u2022&nbsp;&nbsp;&nbsp;&nbsp;&nbsp;&nbsp;&nbsp;&nbsp;&nbsp; Bas\u00edlica Nuestra Se\u00f1ora de Guadalupe (25 al 26 de julio)<\/p>\n\n\n\n<p>&nbsp;&nbsp;&nbsp;&nbsp;&nbsp;&nbsp;&nbsp;&nbsp;&nbsp;&nbsp;&nbsp; \u2022&nbsp;&nbsp;&nbsp;&nbsp;&nbsp;&nbsp;&nbsp;&nbsp;&nbsp; Gimnasio Bur\u00f3cratas Municipales (27 al 29 de julio)<\/p>\n\n\n\n<p>\u00a0\u00a0\u00a0\u00a0\u00a0\u00a0\u00a0\u00a0\u00a0\u00a0\u00a0 \u2022\u00a0\u00a0\u00a0\u00a0\u00a0\u00a0\u00a0\u00a0\u00a0 Centro de Bienestar Familiar DIF Parque Canoas (30 de julio)<\/p>\n\n\n\n<figure class=\"wp-block-image size-large\"><img loading=\"lazy\" decoding=\"async\" width=\"1024\" height=\"683\" src=\"https:\/\/diariodigitalmx.com\/wp-content\/uploads\/2025\/07\/UTILES-2025-2-1024x683.jpg\" alt=\"\" class=\"wp-image-137508\" srcset=\"https:\/\/diariodigitalmx.com\/wp-content\/uploads\/2025\/07\/UTILES-2025-2-1024x683.jpg 1024w, https:\/\/diariodigitalmx.com\/wp-content\/uploads\/2025\/07\/UTILES-2025-2-300x200.jpg 300w, https:\/\/diariodigitalmx.com\/wp-content\/uploads\/2025\/07\/UTILES-2025-2-768x512.jpg 768w, https:\/\/diariodigitalmx.com\/wp-content\/uploads\/2025\/07\/UTILES-2025-2-1536x1024.jpg 1536w, https:\/\/diariodigitalmx.com\/wp-content\/uploads\/2025\/07\/UTILES-2025-2-2048x1365.jpg 2048w\" sizes=\"(max-width: 1024px) 100vw, 1024px\" \/><\/figure>\n\n\n\n<p>De la Garza estuvo acompa\u00f1ado por su esposa, Gaby Oyervides, presidenta honoraria del DIF Monterrey; la diputada local Bertha Alicia Garza Elizondo; Karina Barr\u00f3n, secretaria de Desarrollo Humano e Igualdad Sustantiva; Marcelo Segovia, secretario de Administraci\u00f3n; Rafael Ramos, secretario de Participaci\u00f3n Ciudadana; e Ivonne \u00c1lvarez, directora general del DIF municipal.<\/p>\n\n\n\n<p>Esta acci\u00f3n forma parte del Plan Municipal de Desarrollo y tiene como objetivo fortalecer las condiciones educativas para las infancias regias.<\/p>\n","protected":false},"excerpt":{"rendered":"<p>\u00b7&nbsp;&nbsp;&nbsp;&nbsp;&nbsp;&nbsp;&nbsp;&nbsp;&nbsp;El alcalde y su comitiva supervisaron el programa que est\u00e1 vigente hasta el 30 de julio Con el prop\u00f3sito de apoyar el desarrollo acad\u00e9mico de las infancias y los adolescentes de Monterrey, el alcalde Adri\u00e1n de la Garza reparti\u00f3 paquetes del programa \u201c\u00datiles, \u00datiles 2025\u201d en el Parque Aztl\u00e1n. Desde ayer est\u00e1n activados los m\u00f3dulos [&hellip;]<\/p>\n","protected":false},"author":1,"featured_media":137504,"comment_status":"open","ping_status":"open","sticky":false,"template":"","format":"standard","meta":{"footnotes":""},"categories":[14,6],"tags":[],"_links":{"self":[{"href":"https:\/\/diariodigitalmx.com\/index.php\/wp-json\/wp\/v2\/posts\/137501"}],"collection":[{"href":"https:\/\/diariodigitalmx.com\/index.php\/wp-json\/wp\/v2\/posts"}],"about":[{"href":"https:\/\/diariodigitalmx.com\/index.php\/wp-json\/wp\/v2\/types\/post"}],"author":[{"embeddable":true,"href":"https:\/\/diariodigitalmx.com\/index.php\/wp-json\/wp\/v2\/users\/1"}],"replies":[{"embeddable":true,"href":"https:\/\/diariodigitalmx.com\/index.php\/wp-json\/wp\/v2\/comments?post=137501"}],"version-history":[{"count":3,"href":"https:\/\/diariodigitalmx.com\/index.php\/wp-json\/wp\/v2\/posts\/137501\/revisions"}],"predecessor-version":[{"id":137509,"href":"https:\/\/diariodigitalmx.com\/index.php\/wp-json\/wp\/v2\/posts\/137501\/revisions\/137509"}],"wp:featuredmedia":[{"embeddable":true,"href":"https:\/\/diariodigitalmx.com\/index.php\/wp-json\/wp\/v2\/media\/137504"}],"wp:attachment":[{"href":"https:\/\/diariodigitalmx.com\/index.php\/wp-json\/wp\/v2\/media?parent=137501"}],"wp:term":[{"taxonomy":"category","embeddable":true,"href":"https:\/\/diariodigitalmx.com\/index.php\/wp-json\/wp\/v2\/categories?post=137501"},{"taxonomy":"post_tag","embeddable":true,"href":"https:\/\/diariodigitalmx.com\/index.php\/wp-json\/wp\/v2\/tags?post=137501"}],"curies":[{"name":"wp","href":"https:\/\/api.w.org\/{rel}","templated":true}]}}