{"id":137516,"date":"2025-07-16T20:03:39","date_gmt":"2025-07-17T02:03:39","guid":{"rendered":"https:\/\/diariodigitalmx.com\/?p=137516"},"modified":"2025-07-16T20:13:20","modified_gmt":"2025-07-17T02:13:20","slug":"a-traves-del-idioma-ingles-preparan-a-los-ninos-para-el-mundo","status":"publish","type":"post","link":"https:\/\/diariodigitalmx.com\/index.php\/2025\/07\/16\/a-traves-del-idioma-ingles-preparan-a-los-ninos-para-el-mundo\/","title":{"rendered":"A trav\u00e9s del idioma ingl\u00e9s, \u201cpreparan a los ni\u00f1os para el mundo\u201d"},"content":{"rendered":"\n<figure class=\"wp-block-image size-large\"><img loading=\"lazy\" decoding=\"async\" width=\"768\" height=\"1024\" src=\"https:\/\/diariodigitalmx.com\/wp-content\/uploads\/2025\/07\/IMG-20250716-WA0252-768x1024.jpg\" alt=\"\" class=\"wp-image-137530\" srcset=\"https:\/\/diariodigitalmx.com\/wp-content\/uploads\/2025\/07\/IMG-20250716-WA0252-768x1024.jpg 768w, https:\/\/diariodigitalmx.com\/wp-content\/uploads\/2025\/07\/IMG-20250716-WA0252-225x300.jpg 225w, https:\/\/diariodigitalmx.com\/wp-content\/uploads\/2025\/07\/IMG-20250716-WA0252-1152x1536.jpg 1152w, https:\/\/diariodigitalmx.com\/wp-content\/uploads\/2025\/07\/IMG-20250716-WA0252.jpg 1200w\" sizes=\"(max-width: 768px) 100vw, 768px\" \/><\/figure>\n\n\n\n<p>&#8211;&nbsp;&nbsp;&nbsp;&nbsp;&nbsp;&nbsp;&nbsp;&nbsp;&nbsp;<strong>Por medio de un original campamento, peque\u00f1os desde los 2 a\u00f1os de edad, estimular\u00e1n el aprendizaje, desarrollando la motricidad fina y gruesa, adem\u00e1s de actividades como dibujo, manualidades y mucha creatividad aprender\u00e1n el &nbsp;idioma ingl\u00e9s durante este verano<\/strong><\/p>\n\n\n\n<p>Por: Ra\u00fal E. Guevara Ortiz. &#8211;&nbsp;Un original campamento dirigido a los ni\u00f1os desde los 2 hasta los 6 a\u00f1os de edad llevar\u00e1 a cabo durante este verano la escuela Kroc English &amp; More, donde el objetivo principal ser\u00e1 el divertir a los peque\u00f1itos y dejarles una ense\u00f1anza de vida.<\/p>\n\n\n\n<p>\u201cLa originalidad de este campamento es el atender peque\u00f1os de 2 a 5 a\u00f1os y estimular su aprendizaje del idioma ingl\u00e9s, motricidad fina y gruesa, adem\u00e1s de actividades de dibujo, manualidades y mucha creatividad\u201d, coment\u00f3 la Maestra Rosa Helena Barrientos, coordinadora del campamento donde participar\u00e1n tambien ni\u00f1os de 6 a\u00f1os en adelante. &nbsp;<\/p>\n\n\n\n<p>Ubicada en Plaza 801, en la Avenida Pinos, del municipio de Escobedo, en sus l\u00edmites con la Avenida Sendero de San Nicol\u00e1s el campamento se desarrollar\u00e1 en los turnos matutino (para ni\u00f1os de 2 a 5 a\u00f1os) y vespertino de 6 a\u00f1os en adelante\u201d<\/p>\n\n\n\n<figure class=\"wp-block-gallery has-nested-images columns-default is-cropped wp-block-gallery-1 is-layout-flex wp-block-gallery-is-layout-flex\">\n<figure class=\"wp-block-image size-large\"><img loading=\"lazy\" decoding=\"async\" width=\"768\" height=\"1024\" data-id=\"137532\" src=\"https:\/\/diariodigitalmx.com\/wp-content\/uploads\/2025\/07\/IMG-20250716-WA0250-768x1024.jpg\" alt=\"\" class=\"wp-image-137532\" srcset=\"https:\/\/diariodigitalmx.com\/wp-content\/uploads\/2025\/07\/IMG-20250716-WA0250-768x1024.jpg 768w, https:\/\/diariodigitalmx.com\/wp-content\/uploads\/2025\/07\/IMG-20250716-WA0250-225x300.jpg 225w, https:\/\/diariodigitalmx.com\/wp-content\/uploads\/2025\/07\/IMG-20250716-WA0250-1152x1536.jpg 1152w, https:\/\/diariodigitalmx.com\/wp-content\/uploads\/2025\/07\/IMG-20250716-WA0250.jpg 1200w\" sizes=\"(max-width: 768px) 100vw, 768px\" \/><\/figure>\n\n\n\n<figure class=\"wp-block-image size-large\"><img loading=\"lazy\" decoding=\"async\" width=\"768\" height=\"1024\" data-id=\"137533\" src=\"https:\/\/diariodigitalmx.com\/wp-content\/uploads\/2025\/07\/IMG-20250716-WA0249-768x1024.jpg\" alt=\"\" class=\"wp-image-137533\" srcset=\"https:\/\/diariodigitalmx.com\/wp-content\/uploads\/2025\/07\/IMG-20250716-WA0249-768x1024.jpg 768w, https:\/\/diariodigitalmx.com\/wp-content\/uploads\/2025\/07\/IMG-20250716-WA0249-225x300.jpg 225w, https:\/\/diariodigitalmx.com\/wp-content\/uploads\/2025\/07\/IMG-20250716-WA0249-1152x1536.jpg 1152w, https:\/\/diariodigitalmx.com\/wp-content\/uploads\/2025\/07\/IMG-20250716-WA0249.jpg 1200w\" sizes=\"(max-width: 768px) 100vw, 768px\" \/><\/figure>\n<\/figure>\n\n\n\n<p>\u201cEl campamento constar\u00e1 de tres etapas con diferentes tem\u00e1ticas para divertir a los peque\u00f1itos y dejarles una ense\u00f1anza de vida. Las etapas constan de dos semanas cada una, siendo el inicio de la etapa 1 el 14 de julio, etapa 2 el 28 de julio, y la etapa 3 el 11 de agosto\u201d.<\/p>\n\n\n\n<p>La coordinadora del campamento es la Mtra. Rosa Helena Barrientos, experimentada pedagoga, \u00a1qui\u00e9n cuenta con un equipo de teachers y staff muy capacitados, quienes bajo con el slogan de la escuela, Get ready for the world (\u00a1se preparan a los ni\u00f1os para el mundo<img decoding=\"async\" src=\"https:\/\/fonts.gstatic.com\/s\/e\/notoemoji\/16.0\/1f30e\/32.png\" alt=\"\ud83c\udf0e\">!), est\u00e1n listos para atender a todos los interesados en participar en este campamento que pocas veces incluye a ni\u00f1os de entre los 2 y 5 a\u00f1os de edad en el aprendizaje del idioma ingl\u00e9s.<\/p>\n\n\n\n<figure class=\"wp-block-gallery has-nested-images columns-default is-cropped wp-block-gallery-2 is-layout-flex wp-block-gallery-is-layout-flex\">\n<figure class=\"wp-block-image size-large\"><img loading=\"lazy\" decoding=\"async\" width=\"768\" height=\"1024\" data-id=\"137534\" src=\"https:\/\/diariodigitalmx.com\/wp-content\/uploads\/2025\/07\/IMG-20250716-WA0253-768x1024.jpg\" alt=\"\" class=\"wp-image-137534\" srcset=\"https:\/\/diariodigitalmx.com\/wp-content\/uploads\/2025\/07\/IMG-20250716-WA0253-768x1024.jpg 768w, https:\/\/diariodigitalmx.com\/wp-content\/uploads\/2025\/07\/IMG-20250716-WA0253-225x300.jpg 225w, https:\/\/diariodigitalmx.com\/wp-content\/uploads\/2025\/07\/IMG-20250716-WA0253-1152x1536.jpg 1152w, https:\/\/diariodigitalmx.com\/wp-content\/uploads\/2025\/07\/IMG-20250716-WA0253.jpg 1200w\" sizes=\"(max-width: 768px) 100vw, 768px\" \/><\/figure>\n\n\n\n<figure class=\"wp-block-image size-large\"><img loading=\"lazy\" decoding=\"async\" width=\"768\" height=\"1024\" data-id=\"137535\" src=\"https:\/\/diariodigitalmx.com\/wp-content\/uploads\/2025\/07\/IMG-20250716-WA0248-768x1024.jpg\" alt=\"\" class=\"wp-image-137535\" srcset=\"https:\/\/diariodigitalmx.com\/wp-content\/uploads\/2025\/07\/IMG-20250716-WA0248-768x1024.jpg 768w, https:\/\/diariodigitalmx.com\/wp-content\/uploads\/2025\/07\/IMG-20250716-WA0248-225x300.jpg 225w, https:\/\/diariodigitalmx.com\/wp-content\/uploads\/2025\/07\/IMG-20250716-WA0248-1152x1536.jpg 1152w, https:\/\/diariodigitalmx.com\/wp-content\/uploads\/2025\/07\/IMG-20250716-WA0248.jpg 1200w\" sizes=\"(max-width: 768px) 100vw, 768px\" \/><\/figure>\n<\/figure>\n\n\n\n<p>A todos los padres de familia interesados en registrar a sus hijos se les informa que a\u00fan hay lugares para los peque\u00f1itos y peque\u00f1itas principalmente de Escobedo, San Nicol\u00e1s y Apodaca las inscripciones estar\u00e1n abiertas hasta el d\u00eda 30 de julio..<\/p>\n\n\n\n<p>Whats app informes 8124064857<\/p>\n","protected":false},"excerpt":{"rendered":"<p>&#8211;&nbsp;&nbsp;&nbsp;&nbsp;&nbsp;&nbsp;&nbsp;&nbsp;&nbsp;Por medio de un original campamento, peque\u00f1os desde los 2 a\u00f1os de edad, estimular\u00e1n el aprendizaje, desarrollando la motricidad fina y gruesa, adem\u00e1s de actividades como dibujo, manualidades y mucha creatividad aprender\u00e1n el &nbsp;idioma ingl\u00e9s durante este verano Por: Ra\u00fal E. Guevara Ortiz. &#8211;&nbsp;Un original campamento dirigido a los ni\u00f1os desde los 2 hasta los [&hellip;]<\/p>\n","protected":false},"author":1,"featured_media":137529,"comment_status":"open","ping_status":"open","sticky":false,"template":"","format":"standard","meta":{"footnotes":""},"categories":[6],"tags":[],"_links":{"self":[{"href":"https:\/\/diariodigitalmx.com\/index.php\/wp-json\/wp\/v2\/posts\/137516"}],"collection":[{"href":"https:\/\/diariodigitalmx.com\/index.php\/wp-json\/wp\/v2\/posts"}],"about":[{"href":"https:\/\/diariodigitalmx.com\/index.php\/wp-json\/wp\/v2\/types\/post"}],"author":[{"embeddable":true,"href":"https:\/\/diariodigitalmx.com\/index.php\/wp-json\/wp\/v2\/users\/1"}],"replies":[{"embeddable":true,"href":"https:\/\/diariodigitalmx.com\/index.php\/wp-json\/wp\/v2\/comments?post=137516"}],"version-history":[{"count":2,"href":"https:\/\/diariodigitalmx.com\/index.php\/wp-json\/wp\/v2\/posts\/137516\/revisions"}],"predecessor-version":[{"id":137536,"href":"https:\/\/diariodigitalmx.com\/index.php\/wp-json\/wp\/v2\/posts\/137516\/revisions\/137536"}],"wp:featuredmedia":[{"embeddable":true,"href":"https:\/\/diariodigitalmx.com\/index.php\/wp-json\/wp\/v2\/media\/137529"}],"wp:attachment":[{"href":"https:\/\/diariodigitalmx.com\/index.php\/wp-json\/wp\/v2\/media?parent=137516"}],"wp:term":[{"taxonomy":"category","embeddable":true,"href":"https:\/\/diariodigitalmx.com\/index.php\/wp-json\/wp\/v2\/categories?post=137516"},{"taxonomy":"post_tag","embeddable":true,"href":"https:\/\/diariodigitalmx.com\/index.php\/wp-json\/wp\/v2\/tags?post=137516"}],"curies":[{"name":"wp","href":"https:\/\/api.w.org\/{rel}","templated":true}]}}