{"id":137557,"date":"2025-07-17T12:22:09","date_gmt":"2025-07-17T18:22:09","guid":{"rendered":"https:\/\/diariodigitalmx.com\/?p=137557"},"modified":"2025-07-17T12:35:13","modified_gmt":"2025-07-17T18:35:13","slug":"muere-el-empresario-lorenzo-servitje-de-bimbo","status":"publish","type":"post","link":"https:\/\/diariodigitalmx.com\/index.php\/2025\/07\/17\/muere-el-empresario-lorenzo-servitje-de-bimbo\/","title":{"rendered":"Muere el empresario Lorenzo Servitje, de Bimbo"},"content":{"rendered":"\n<p><strong>Roberto Servitje Sendra, cofundador de Grupo Bimbo<\/strong>, falleci\u00f3 a los 93 a\u00f1os de edad.<\/p>\n\n\n\n<p>El empresario labor\u00f3 68 a\u00f1os en la empresa y durante ese tiempo se crearon 24 empresas operadoras de&nbsp;<strong>Bimbo en el Pa\u00eds<\/strong>.<br>Naci\u00f3 en la&nbsp;<strong>Ciudad de M\u00e9xico<\/strong>&nbsp;en 1928, lleg\u00f3 al Grupo Bimbo a la edad de 17 a\u00f1os e inici\u00f3 como supervisor de ventas adem\u00e1s de dirigir el \u00e1rea de veh\u00edculos. A los 51 a\u00f1os fue nombrado Director General de&nbsp;<strong>Grupo Bimbo<\/strong>.<br>Se gradu\u00f3 en la Universidad de Harvard en el curso Program Managment Development y al regresar a M\u00e9xico estuvo durante nueve a\u00f1os, hasta 1978 como Subdirector de la organizaci\u00f3n.<\/p>\n\n\n\n<p>En 1990 fue nombrado presidente Ejecutivo y cuatro a\u00f1os m\u00e1s tarde, encabez\u00f3 el Consejo de Administraci\u00f3n, como presidente del Grupo, del cual se retir\u00f3 en 2013.<\/p>\n\n\n\n<p>Encabez\u00f3 tambi\u00e9n la apertura del mercado para Bimbo en Jalisco, Le\u00f3n y San Luis Potos\u00ed, as\u00ed como la instalaci\u00f3n de la f\u00e1brica en 1956 y del desarrollo comercial de la regi\u00f3n. En 1954 se abri\u00f3 Bimbo Occidente, en Guadalajara, y ocup\u00f3 la Gerencia General en el \u00e1rea.<br><\/p>\n","protected":false},"excerpt":{"rendered":"<p>Roberto Servitje Sendra, cofundador de Grupo Bimbo, falleci\u00f3 a los 93 a\u00f1os de edad. El empresario labor\u00f3 68 a\u00f1os en la empresa y durante ese tiempo se crearon 24 empresas operadoras de&nbsp;Bimbo en el Pa\u00eds.Naci\u00f3 en la&nbsp;Ciudad de M\u00e9xico&nbsp;en 1928, lleg\u00f3 al Grupo Bimbo a la edad de 17 a\u00f1os e inici\u00f3 como supervisor de [&hellip;]<\/p>\n","protected":false},"author":1,"featured_media":137559,"comment_status":"open","ping_status":"open","sticky":false,"template":"","format":"standard","meta":{"footnotes":""},"categories":[2,3,5],"tags":[],"_links":{"self":[{"href":"https:\/\/diariodigitalmx.com\/index.php\/wp-json\/wp\/v2\/posts\/137557"}],"collection":[{"href":"https:\/\/diariodigitalmx.com\/index.php\/wp-json\/wp\/v2\/posts"}],"about":[{"href":"https:\/\/diariodigitalmx.com\/index.php\/wp-json\/wp\/v2\/types\/post"}],"author":[{"embeddable":true,"href":"https:\/\/diariodigitalmx.com\/index.php\/wp-json\/wp\/v2\/users\/1"}],"replies":[{"embeddable":true,"href":"https:\/\/diariodigitalmx.com\/index.php\/wp-json\/wp\/v2\/comments?post=137557"}],"version-history":[{"count":1,"href":"https:\/\/diariodigitalmx.com\/index.php\/wp-json\/wp\/v2\/posts\/137557\/revisions"}],"predecessor-version":[{"id":137558,"href":"https:\/\/diariodigitalmx.com\/index.php\/wp-json\/wp\/v2\/posts\/137557\/revisions\/137558"}],"wp:featuredmedia":[{"embeddable":true,"href":"https:\/\/diariodigitalmx.com\/index.php\/wp-json\/wp\/v2\/media\/137559"}],"wp:attachment":[{"href":"https:\/\/diariodigitalmx.com\/index.php\/wp-json\/wp\/v2\/media?parent=137557"}],"wp:term":[{"taxonomy":"category","embeddable":true,"href":"https:\/\/diariodigitalmx.com\/index.php\/wp-json\/wp\/v2\/categories?post=137557"},{"taxonomy":"post_tag","embeddable":true,"href":"https:\/\/diariodigitalmx.com\/index.php\/wp-json\/wp\/v2\/tags?post=137557"}],"curies":[{"name":"wp","href":"https:\/\/api.w.org\/{rel}","templated":true}]}}