{"id":137581,"date":"2025-07-18T07:51:25","date_gmt":"2025-07-18T13:51:25","guid":{"rendered":"https:\/\/diariodigitalmx.com\/?p=137581"},"modified":"2025-07-18T07:59:24","modified_gmt":"2025-07-18T13:59:24","slug":"visita-alcalde-entrega-de-utiles-en-el-gimnasio-monterrey-400","status":"publish","type":"post","link":"https:\/\/diariodigitalmx.com\/index.php\/2025\/07\/18\/visita-alcalde-entrega-de-utiles-en-el-gimnasio-monterrey-400\/","title":{"rendered":"Visita alcalde entrega de \u00fatiles en el gimnasio Monterrey 400"},"content":{"rendered":"\n<p>A partir del jueves se cambi\u00f3 la sede para la entrega de paquetes escolares del programa municipal \u201c\u00datiles, \u00fatiles\u201d que realiza el Gobierno de Monterrey.<\/p>\n\n\n\n<p>Luego de repartir los materiales en el parque Aztl\u00e1n, del 17 de julio al s\u00e1bado 19, se estar\u00e1n otorgando en el Gimnasio \u201cJes\u00fas Hinojosa Tijerina\u201d, mejor conocido como Monterrey 400, en la zona norte.<\/p>\n\n\n\n<p>El alcalde Adri\u00e1n de la Garza, junto a su esposa, la presidenta del DIF, Gaby Oyervides, e integrantes del gabinete, supervisaron las acciones en esta parte de la ciudad.<\/p>\n\n\n\n<figure class=\"wp-block-image size-large\"><img loading=\"lazy\" decoding=\"async\" width=\"1024\" height=\"683\" src=\"https:\/\/diariodigitalmx.com\/wp-content\/uploads\/2025\/07\/UTILES-MTY.-400-5-1024x683.jpg\" alt=\"\" class=\"wp-image-137587\" srcset=\"https:\/\/diariodigitalmx.com\/wp-content\/uploads\/2025\/07\/UTILES-MTY.-400-5-1024x683.jpg 1024w, https:\/\/diariodigitalmx.com\/wp-content\/uploads\/2025\/07\/UTILES-MTY.-400-5-300x200.jpg 300w, https:\/\/diariodigitalmx.com\/wp-content\/uploads\/2025\/07\/UTILES-MTY.-400-5-768x512.jpg 768w, https:\/\/diariodigitalmx.com\/wp-content\/uploads\/2025\/07\/UTILES-MTY.-400-5-1536x1024.jpg 1536w, https:\/\/diariodigitalmx.com\/wp-content\/uploads\/2025\/07\/UTILES-MTY.-400-5-2048x1366.jpg 2048w\" sizes=\"(max-width: 1024px) 100vw, 1024px\" \/><\/figure>\n\n\n\n<p>El municipio tiene previsto repartir 80 mil paquetes para todos los grados del nivel b\u00e1sico.<\/p>\n\n\n\n<p>Conforme a las estad\u00edsticas del INEGI, se contemplan 25,600 paquetes para 4\u00ba, 5\u00ba, y 6\u00ba a\u00f1o de primaria; 16,000 para primero y segundo de secundaria y 14,400 para primaria menor, 1\u00ba y 2\u00ba.<\/p>\n\n\n\n<p>El resto de los grados promedia de 6 a 9 mil paquetes por cada uno.<\/p>\n\n\n\n<p>Durante la supervisi\u00f3n, el edil, su esposa y dem\u00e1s funcionarios, colaboraron entregando \u00fatiles, en apoyo a los 150 servidores p\u00fablicos que realizan esta tarea.<\/p>\n\n\n\n<figure class=\"wp-block-image size-large\"><img loading=\"lazy\" decoding=\"async\" width=\"1024\" height=\"683\" src=\"https:\/\/diariodigitalmx.com\/wp-content\/uploads\/2025\/07\/UTILES-MTY.-400-3-1024x683.jpg\" alt=\"\" class=\"wp-image-137588\" srcset=\"https:\/\/diariodigitalmx.com\/wp-content\/uploads\/2025\/07\/UTILES-MTY.-400-3-1024x683.jpg 1024w, https:\/\/diariodigitalmx.com\/wp-content\/uploads\/2025\/07\/UTILES-MTY.-400-3-300x200.jpg 300w, https:\/\/diariodigitalmx.com\/wp-content\/uploads\/2025\/07\/UTILES-MTY.-400-3-768x512.jpg 768w, https:\/\/diariodigitalmx.com\/wp-content\/uploads\/2025\/07\/UTILES-MTY.-400-3-1536x1024.jpg 1536w, https:\/\/diariodigitalmx.com\/wp-content\/uploads\/2025\/07\/UTILES-MTY.-400-3-2048x1366.jpg 2048w\" sizes=\"(max-width: 1024px) 100vw, 1024px\" \/><\/figure>\n\n\n\n<p>La finalidad es fortalecer la continuidad para la preparaci\u00f3n acad\u00e9mica de ni\u00f1os y adolescentes regiomontanos, apoyar a la econom\u00eda familiar de los sectores m\u00e1s vulnerables y dotar de los materiales necesarios a los estudiantes de preescolar, primaria y secundaria de Monterrey.<\/p>\n\n\n\n<p>Del domingo 20 al martes 22 de julio la jornada de \u00fatiles, \u00fatiles tendr\u00e1 lugar en el Gimnasio municipal Bicentenario \u201cDiego de Montemayor\u201d ubicado en avenida La Alianza s\/n cruz con Estibadores, en colonia La Alianza.<\/p>\n\n\n\n<p>En el recorrido acompa\u00f1aron al alcalde la diputada federal Annia G\u00f3mez; el legislador local, Fernando Aguirre; los secretarios de Participaci\u00f3n Ciudadana, Rafael Ramos y de Desarrollo Humano e Igualdad Sustantiva, Karina Barr\u00f3n respectivamente, as\u00ed como el de Administraci\u00f3n, Marcelo Segovia, el jefe del Gabinete, Fernando Marg\u00e1in y el director de Cultura F\u00edsica y Deportes, Aldo Denigris.<\/p>\n","protected":false},"excerpt":{"rendered":"<p>A partir del jueves se cambi\u00f3 la sede para la entrega de paquetes escolares del programa municipal \u201c\u00datiles, \u00fatiles\u201d que realiza el Gobierno de Monterrey. Luego de repartir los materiales en el parque Aztl\u00e1n, del 17 de julio al s\u00e1bado 19, se estar\u00e1n otorgando en el Gimnasio \u201cJes\u00fas Hinojosa Tijerina\u201d, mejor conocido como Monterrey 400, [&hellip;]<\/p>\n","protected":false},"author":1,"featured_media":137586,"comment_status":"open","ping_status":"open","sticky":false,"template":"","format":"standard","meta":{"footnotes":""},"categories":[6,1],"tags":[],"_links":{"self":[{"href":"https:\/\/diariodigitalmx.com\/index.php\/wp-json\/wp\/v2\/posts\/137581"}],"collection":[{"href":"https:\/\/diariodigitalmx.com\/index.php\/wp-json\/wp\/v2\/posts"}],"about":[{"href":"https:\/\/diariodigitalmx.com\/index.php\/wp-json\/wp\/v2\/types\/post"}],"author":[{"embeddable":true,"href":"https:\/\/diariodigitalmx.com\/index.php\/wp-json\/wp\/v2\/users\/1"}],"replies":[{"embeddable":true,"href":"https:\/\/diariodigitalmx.com\/index.php\/wp-json\/wp\/v2\/comments?post=137581"}],"version-history":[{"count":3,"href":"https:\/\/diariodigitalmx.com\/index.php\/wp-json\/wp\/v2\/posts\/137581\/revisions"}],"predecessor-version":[{"id":137591,"href":"https:\/\/diariodigitalmx.com\/index.php\/wp-json\/wp\/v2\/posts\/137581\/revisions\/137591"}],"wp:featuredmedia":[{"embeddable":true,"href":"https:\/\/diariodigitalmx.com\/index.php\/wp-json\/wp\/v2\/media\/137586"}],"wp:attachment":[{"href":"https:\/\/diariodigitalmx.com\/index.php\/wp-json\/wp\/v2\/media?parent=137581"}],"wp:term":[{"taxonomy":"category","embeddable":true,"href":"https:\/\/diariodigitalmx.com\/index.php\/wp-json\/wp\/v2\/categories?post=137581"},{"taxonomy":"post_tag","embeddable":true,"href":"https:\/\/diariodigitalmx.com\/index.php\/wp-json\/wp\/v2\/tags?post=137581"}],"curies":[{"name":"wp","href":"https:\/\/api.w.org\/{rel}","templated":true}]}}