{"id":137635,"date":"2025-07-20T22:16:37","date_gmt":"2025-07-21T04:16:37","guid":{"rendered":"https:\/\/diariodigitalmx.com\/?p=137635"},"modified":"2025-07-20T22:20:37","modified_gmt":"2025-07-21T04:20:37","slug":"quince-anos-corriendo-juntos-mas-de-4-mil-quinientos-corredores-viven-la-experiencia-de-la-fuerza-laboral","status":"publish","type":"post","link":"https:\/\/diariodigitalmx.com\/index.php\/2025\/07\/20\/quince-anos-corriendo-juntos-mas-de-4-mil-quinientos-corredores-viven-la-experiencia-de-la-fuerza-laboral\/","title":{"rendered":"Quince a\u00f1os corriendo juntos: m\u00e1s de 4 mil quinientos corredores viven la experiencia de la Fuerza Laboral"},"content":{"rendered":"\n<p>En un ambiente de celebraci\u00f3n por su quince aniversario, el presidente del Instituto del Deporte de los Trabajadores de Nuevo Le\u00f3n, Ismael Flores Cant\u00fa en compa\u00f1\u00eda de Karina Barr\u00f3n, Secretaria de Desarrollo Humano e Igualdad Sustantiva, en representaci\u00f3n del Alcalde de Monterrey Adri\u00e1n de la Garza; Mayela Quiroga, Secretaria de Servicios P\u00fablicos del Municipio de Monterrey y Genaro Leal de Sindicatos Aut\u00f3nomos, dio inicio la celebraci\u00f3n de la carrera 10K y 5K de la Fuerza Laboral frente al Monumento al Obrero.<br>Ante los m\u00e1s de 4 mil corredores, Flores Cant\u00fa se mostr\u00f3 agradecido con su presencia y darse cita dese muy temprano, y formar parte de una gran comunidad que vive y pr\u00e1ctica el deporte como parte de su vida.<\/p>\n\n\n\n<figure class=\"wp-block-image size-large\"><img loading=\"lazy\" decoding=\"async\" width=\"1024\" height=\"683\" src=\"https:\/\/diariodigitalmx.com\/wp-content\/uploads\/2025\/07\/DSC_0402-1024x683.jpg\" alt=\"\" class=\"wp-image-137639\" srcset=\"https:\/\/diariodigitalmx.com\/wp-content\/uploads\/2025\/07\/DSC_0402-1024x683.jpg 1024w, https:\/\/diariodigitalmx.com\/wp-content\/uploads\/2025\/07\/DSC_0402-300x200.jpg 300w, https:\/\/diariodigitalmx.com\/wp-content\/uploads\/2025\/07\/DSC_0402-768x512.jpg 768w, https:\/\/diariodigitalmx.com\/wp-content\/uploads\/2025\/07\/DSC_0402-1536x1024.jpg 1536w, https:\/\/diariodigitalmx.com\/wp-content\/uploads\/2025\/07\/DSC_0402-2048x1365.jpg 2048w\" sizes=\"(max-width: 1024px) 100vw, 1024px\" \/><\/figure>\n\n\n\n<p>En la celebraci\u00f3n deportiva el corredor Sim\u00f3n Mart\u00ednez registr\u00f3 un tiempo de 31 minutos con 16 segundos llev\u00e1ndose el primer lugar de la prueba de los 10 kil\u00f3metros, seguido de Francisco Pachicano al registrar 32 minutos con 51 segundos, mientras que la tercera posici\u00f3n fue para Fernando Shai Calvillo con 34 minutos y 27 segundos.<br>Por su parte en la rama femenil la gran ganadora fue Sara Ram\u00edrez Alvarado con 37 minutos y 40 segundos y en segunda posici\u00f3n Nancy Juandiego Villanueva, mientras que el tercer puesto fue para Roci\u00f3 Pulido al registrar 41 segundos y 1 segundo.<br>En la prueba de los 5 kil\u00f3metros varonil la primera posici\u00f3n fue para Erick Zerme\u00f1o al lograr un tiempo de 16 minutos con 39 segundos, y en la rama femenil el primer lugar lo obtuvo Claudia Amabley Leal con 19 minutos y 26 segundos.<br>Durante la ceremonia de premiaci\u00f3n Flores Cant\u00fa destac\u00f3 la consolidaci\u00f3n de lo que hace a\u00f1os comenz\u00f3 como un proyecto y que al d\u00eda de hoy se ha convertido en una tradici\u00f3n en el calendario de carreras del estado y que cada vez re\u00fane a m\u00e1s familias y trabajadores de Nuevo Le\u00f3n.<\/p>\n\n\n\n<figure class=\"wp-block-image size-large\"><img loading=\"lazy\" decoding=\"async\" width=\"1024\" height=\"554\" src=\"https:\/\/diariodigitalmx.com\/wp-content\/uploads\/2025\/07\/WhatsApp-Image-2025-07-20-at-10.40.57-AM-1-1024x554.jpeg\" alt=\"\" class=\"wp-image-137640\" srcset=\"https:\/\/diariodigitalmx.com\/wp-content\/uploads\/2025\/07\/WhatsApp-Image-2025-07-20-at-10.40.57-AM-1-1024x554.jpeg 1024w, https:\/\/diariodigitalmx.com\/wp-content\/uploads\/2025\/07\/WhatsApp-Image-2025-07-20-at-10.40.57-AM-1-300x162.jpeg 300w, https:\/\/diariodigitalmx.com\/wp-content\/uploads\/2025\/07\/WhatsApp-Image-2025-07-20-at-10.40.57-AM-1-768x415.jpeg 768w, https:\/\/diariodigitalmx.com\/wp-content\/uploads\/2025\/07\/WhatsApp-Image-2025-07-20-at-10.40.57-AM-1-1536x830.jpeg 1536w, https:\/\/diariodigitalmx.com\/wp-content\/uploads\/2025\/07\/WhatsApp-Image-2025-07-20-at-10.40.57-AM-1.jpeg 1600w\" sizes=\"(max-width: 1024px) 100vw, 1024px\" \/><\/figure>\n\n\n\n<p>&#8220;Lo que comenz\u00f3 como una iniciativa para los trabajadores se ha convertido en una tradici\u00f3n que une a generaciones, familias y atletas de todos los niveles, y eso es lo m\u00e1s importante de este evento, la uni\u00f3n familiar&#8221;, mencion\u00f3 y agradeci\u00f3 a todos los clubes y a la Asociaci\u00f3n de Atletismo de Nuevo Le\u00f3n por respaldar este magno evento.<br>La Carrera Fuerza Laboral cont\u00f3 con una premiaci\u00f3n mayor de 100 mil pesos en premios, reconociendo atletas desde los 19 hasta los 70 a\u00f1os de edad, as\u00ed como las pruebas infantiles para ni\u00f1os desde los 6 hasta los 14 a\u00f1os.<\/p>\n","protected":false},"excerpt":{"rendered":"<p>En un ambiente de celebraci\u00f3n por su quince aniversario, el presidente del Instituto del Deporte de los Trabajadores de Nuevo Le\u00f3n, Ismael Flores Cant\u00fa en compa\u00f1\u00eda de Karina Barr\u00f3n, Secretaria de Desarrollo Humano e Igualdad Sustantiva, en representaci\u00f3n del Alcalde de Monterrey Adri\u00e1n de la Garza; Mayela Quiroga, Secretaria de Servicios P\u00fablicos del Municipio de [&hellip;]<\/p>\n","protected":false},"author":1,"featured_media":137637,"comment_status":"open","ping_status":"open","sticky":false,"template":"","format":"standard","meta":{"footnotes":""},"categories":[8],"tags":[],"_links":{"self":[{"href":"https:\/\/diariodigitalmx.com\/index.php\/wp-json\/wp\/v2\/posts\/137635"}],"collection":[{"href":"https:\/\/diariodigitalmx.com\/index.php\/wp-json\/wp\/v2\/posts"}],"about":[{"href":"https:\/\/diariodigitalmx.com\/index.php\/wp-json\/wp\/v2\/types\/post"}],"author":[{"embeddable":true,"href":"https:\/\/diariodigitalmx.com\/index.php\/wp-json\/wp\/v2\/users\/1"}],"replies":[{"embeddable":true,"href":"https:\/\/diariodigitalmx.com\/index.php\/wp-json\/wp\/v2\/comments?post=137635"}],"version-history":[{"count":2,"href":"https:\/\/diariodigitalmx.com\/index.php\/wp-json\/wp\/v2\/posts\/137635\/revisions"}],"predecessor-version":[{"id":137641,"href":"https:\/\/diariodigitalmx.com\/index.php\/wp-json\/wp\/v2\/posts\/137635\/revisions\/137641"}],"wp:featuredmedia":[{"embeddable":true,"href":"https:\/\/diariodigitalmx.com\/index.php\/wp-json\/wp\/v2\/media\/137637"}],"wp:attachment":[{"href":"https:\/\/diariodigitalmx.com\/index.php\/wp-json\/wp\/v2\/media?parent=137635"}],"wp:term":[{"taxonomy":"category","embeddable":true,"href":"https:\/\/diariodigitalmx.com\/index.php\/wp-json\/wp\/v2\/categories?post=137635"},{"taxonomy":"post_tag","embeddable":true,"href":"https:\/\/diariodigitalmx.com\/index.php\/wp-json\/wp\/v2\/tags?post=137635"}],"curies":[{"name":"wp","href":"https:\/\/api.w.org\/{rel}","templated":true}]}}