{"id":137669,"date":"2025-07-21T12:41:28","date_gmt":"2025-07-21T18:41:28","guid":{"rendered":"https:\/\/diariodigitalmx.com\/?p=137669"},"modified":"2025-07-21T12:49:05","modified_gmt":"2025-07-21T18:49:05","slug":"137669","status":"publish","type":"post","link":"https:\/\/diariodigitalmx.com\/index.php\/2025\/07\/21\/137669\/","title":{"rendered":"Empat\u00eda y sensibilidad, caracter\u00edstica de un buen servidor p\u00fablico: Cindy Aguirre"},"content":{"rendered":"\n<p>Cindy Aguirre Pinales es Regidora de Movimiento Ciudadano por el municipio de Guadalupe y, apenas conoci\u00f3 la administraci\u00f3n p\u00fablica se apasion\u00f3 por el servicio comunitario, por la cercan\u00eda con la gente en los barrios y colonias.<\/p>\n\n\n\n<p>Esta joven edil de profesi\u00f3n psicol\u00f3ga ha realizado trabajos y an\u00e1lisis relacionados con la salud p\u00fablica, y le preocupa la ansiedad, la depresi\u00f3n y el estr\u00e9s al que est\u00e1n sometidos los ciudadanos, los j\u00f3venes y hasta menores de edad.<\/p>\n\n\n\n<p>Por ello, refuerza la importancia de la labor de un Regidor, de ser el puente, el v\u00ednculo entre las personas y las autoridades municipales, en este caso encabezadas por el Alcalde H\u00e9ctor Garc\u00eda, a quien define como un edil con amplia experiencia y sensible a las causas sociales.<\/p>\n\n\n\n<figure class=\"wp-block-image size-large\"><img loading=\"lazy\" decoding=\"async\" width=\"1024\" height=\"805\" src=\"https:\/\/diariodigitalmx.com\/wp-content\/uploads\/2025\/07\/IMG-20250721-WA0084-1024x805.jpg\" alt=\"\" class=\"wp-image-137676\" srcset=\"https:\/\/diariodigitalmx.com\/wp-content\/uploads\/2025\/07\/IMG-20250721-WA0084-1024x805.jpg 1024w, https:\/\/diariodigitalmx.com\/wp-content\/uploads\/2025\/07\/IMG-20250721-WA0084-300x236.jpg 300w, https:\/\/diariodigitalmx.com\/wp-content\/uploads\/2025\/07\/IMG-20250721-WA0084-768x604.jpg 768w, https:\/\/diariodigitalmx.com\/wp-content\/uploads\/2025\/07\/IMG-20250721-WA0084.jpg 1280w\" sizes=\"(max-width: 1024px) 100vw, 1024px\" \/><\/figure>\n\n\n\n<p>La Regidora Aguirre Pinales habl\u00f3 durante una entrevista en el programa radiof\u00f3nico de revista Punto de Enlace, de la Ranchera de Monterrey, que se transmite en el 1050 del cuadrante con transmisi\u00f3n simult\u00e1nea en Facebook y Tik Tok y vislumbr\u00f3 su deseo de que, la ciudadan\u00eda sea m\u00e1s participativa en las acciones gubernamentales.<\/p>\n\n\n\n<p>Tambi\u00e9n llam\u00f3 a los j\u00f3venes a participar en pol\u00edtica, que se acerquen a la gente, platiquen con ella. &#8221; Yo visito las colonias para que la\u00a0 gente sepa que es un Regidor, qu\u00e9 hace, decirles que es el vinculo con ma alcald\u00eda y la solucion de problemas p\u00fablicos y sociales&#8221;, a\u00f1ade.<\/p>\n\n\n\n<figure class=\"wp-block-image size-large\"><img loading=\"lazy\" decoding=\"async\" width=\"1024\" height=\"814\" src=\"https:\/\/diariodigitalmx.com\/wp-content\/uploads\/2025\/07\/IMG-20250721-WA0083-1024x814.jpg\" alt=\"\" class=\"wp-image-137677\" srcset=\"https:\/\/diariodigitalmx.com\/wp-content\/uploads\/2025\/07\/IMG-20250721-WA0083-1024x814.jpg 1024w, https:\/\/diariodigitalmx.com\/wp-content\/uploads\/2025\/07\/IMG-20250721-WA0083-300x239.jpg 300w, https:\/\/diariodigitalmx.com\/wp-content\/uploads\/2025\/07\/IMG-20250721-WA0083-768x611.jpg 768w, https:\/\/diariodigitalmx.com\/wp-content\/uploads\/2025\/07\/IMG-20250721-WA0083.jpg 1280w\" sizes=\"(max-width: 1024px) 100vw, 1024px\" \/><\/figure>\n\n\n\n<p>En la amplia entrevista&nbsp; Cindy Aguirre habl\u00f3 de las comisiones que encabeza, la de Panteones y la especial del Mundial de F\u00fatbol 2026; pero tambi\u00e9n de problemas p\u00fablicos, de transparencia y buen gobierno entre otros temas.<\/p>\n\n\n\n<p>No hay un buen servidor publico sin la emoci\u00f3n y la sensibilidad que te mueve ante problemas sociales, adversidades de la gente. Que nunca se pierda la sensibilidad y la empat\u00eda&#8221;, remata.<\/p>\n","protected":false},"excerpt":{"rendered":"<p>Cindy Aguirre Pinales es Regidora de Movimiento Ciudadano por el municipio de Guadalupe y, apenas conoci\u00f3 la administraci\u00f3n p\u00fablica se apasion\u00f3 por el servicio comunitario, por la cercan\u00eda con la gente en los barrios y colonias. Esta joven edil de profesi\u00f3n psicol\u00f3ga ha realizado trabajos y an\u00e1lisis relacionados con la salud p\u00fablica, y le preocupa [&hellip;]<\/p>\n","protected":false},"author":1,"featured_media":137674,"comment_status":"open","ping_status":"open","sticky":false,"template":"","format":"standard","meta":{"footnotes":""},"categories":[6,5],"tags":[],"_links":{"self":[{"href":"https:\/\/diariodigitalmx.com\/index.php\/wp-json\/wp\/v2\/posts\/137669"}],"collection":[{"href":"https:\/\/diariodigitalmx.com\/index.php\/wp-json\/wp\/v2\/posts"}],"about":[{"href":"https:\/\/diariodigitalmx.com\/index.php\/wp-json\/wp\/v2\/types\/post"}],"author":[{"embeddable":true,"href":"https:\/\/diariodigitalmx.com\/index.php\/wp-json\/wp\/v2\/users\/1"}],"replies":[{"embeddable":true,"href":"https:\/\/diariodigitalmx.com\/index.php\/wp-json\/wp\/v2\/comments?post=137669"}],"version-history":[{"count":3,"href":"https:\/\/diariodigitalmx.com\/index.php\/wp-json\/wp\/v2\/posts\/137669\/revisions"}],"predecessor-version":[{"id":137678,"href":"https:\/\/diariodigitalmx.com\/index.php\/wp-json\/wp\/v2\/posts\/137669\/revisions\/137678"}],"wp:featuredmedia":[{"embeddable":true,"href":"https:\/\/diariodigitalmx.com\/index.php\/wp-json\/wp\/v2\/media\/137674"}],"wp:attachment":[{"href":"https:\/\/diariodigitalmx.com\/index.php\/wp-json\/wp\/v2\/media?parent=137669"}],"wp:term":[{"taxonomy":"category","embeddable":true,"href":"https:\/\/diariodigitalmx.com\/index.php\/wp-json\/wp\/v2\/categories?post=137669"},{"taxonomy":"post_tag","embeddable":true,"href":"https:\/\/diariodigitalmx.com\/index.php\/wp-json\/wp\/v2\/tags?post=137669"}],"curies":[{"name":"wp","href":"https:\/\/api.w.org\/{rel}","templated":true}]}}