{"id":137903,"date":"2025-07-24T22:56:36","date_gmt":"2025-07-25T04:56:36","guid":{"rendered":"https:\/\/diariodigitalmx.com\/?p=137903"},"modified":"2025-07-24T23:04:07","modified_gmt":"2025-07-25T05:04:07","slug":"cemex-reporta-caida-del-ebitda-en-segundo-trimestre","status":"publish","type":"post","link":"https:\/\/diariodigitalmx.com\/index.php\/2025\/07\/24\/cemex-reporta-caida-del-ebitda-en-segundo-trimestre\/","title":{"rendered":"Cemex reporta ca\u00edda del Ebitda en segundo trimestre"},"content":{"rendered":"\n<p>La cementera mexicana Cemex inform\u00f3 que seguir\u00e1n los recortes que tendr\u00e1n ahorros de 400 millones de d\u00f3lares para el 2027 y report\u00f3 una ca\u00edda del 11 por ciento a tasa anual en el flujo operativo durante el segundo trimestre del a\u00f1o, es decir, 823 millones de d\u00f3lares.<\/p>\n\n\n\n<p>De acuerdo al gigante del cemento, tendr\u00e1 ahorros en la reducci\u00f3n de personal corporativo. &#8220;Estas estimaciones incluyen aproximadamente 200 millones de d\u00f3lares en&nbsp;<strong>reducci\u00f3n de personal corporativo<\/strong>, en t\u00e9rminos anualizados&#8221;.<br>Al respecto, Jaime Muguiro, director general de Cemex, calific\u00f3 el proceso de simplificaci\u00f3n de decisiones dif\u00edciles, pero necesarias para respaldar el crecimiento y la competitividad.<\/p>\n\n\n\n<p>&#8220;Este proceso implic\u00f3 decisiones dif\u00edciles, pero necesarias para respaldar el crecimiento y la competitividad de largo plazo de la compa\u00f1\u00eda. Estoy convencido de que esta transformaci\u00f3n nos ayudar\u00e1 a avanzar hacia nuestros objetivos de excelencia operativa y mayor retorno sostenible para nuestros accionistas&#8221;,<\/p>\n\n\n\n<p>&#8220;Avanzamos r\u00e1pidamente en el segundo trimestre para transformar nuestra estructura corporativa, introduciendo un nuevo modelo operativo que simplifica funciones administrativas, fomenta la agilidad y empodera a nuestros equipos regionales para generar resultados\u201d, a\u00f1adi\u00f3 el director de Cemex.<\/p>\n\n\n\n<p>Asimismo, se destaca que el flujo operativo de la cementera mostr\u00f3 una&nbsp;<strong>ca\u00edda de 9 por ciento, respecto a igual lapso del 2024, pero sostiene que, <\/strong>si bien el Ebitda reflej\u00f3 diversos retos como el tipo de cambio y la nueva administraci\u00f3n de Gobierno en M\u00e9xico, tambi\u00e9n&nbsp;<strong>se elev\u00f3 el objetivo de&nbsp;ahorro en el flujo operativo<\/strong>&nbsp;a 200 millones de d\u00f3lares bajo&nbsp;<strong>el Proyecto&nbsp;&#8220;Cutting Edge&#8221;.<\/strong><\/p>\n\n\n\n<p><strong>El proyecto <\/strong>consiste en reducci\u00f3n de costos y simplificaci\u00f3n organizacional, el cual estaba previsto en 150 millones de d\u00f3lares.<\/p>\n","protected":false},"excerpt":{"rendered":"<p>La cementera mexicana Cemex inform\u00f3 que seguir\u00e1n los recortes que tendr\u00e1n ahorros de 400 millones de d\u00f3lares para el 2027 y report\u00f3 una ca\u00edda del 11 por ciento a tasa anual en el flujo operativo durante el segundo trimestre del a\u00f1o, es decir, 823 millones de d\u00f3lares. De acuerdo al gigante del cemento, tendr\u00e1 ahorros [&hellip;]<\/p>\n","protected":false},"author":1,"featured_media":137905,"comment_status":"open","ping_status":"open","sticky":false,"template":"","format":"standard","meta":{"footnotes":""},"categories":[10,5],"tags":[],"_links":{"self":[{"href":"https:\/\/diariodigitalmx.com\/index.php\/wp-json\/wp\/v2\/posts\/137903"}],"collection":[{"href":"https:\/\/diariodigitalmx.com\/index.php\/wp-json\/wp\/v2\/posts"}],"about":[{"href":"https:\/\/diariodigitalmx.com\/index.php\/wp-json\/wp\/v2\/types\/post"}],"author":[{"embeddable":true,"href":"https:\/\/diariodigitalmx.com\/index.php\/wp-json\/wp\/v2\/users\/1"}],"replies":[{"embeddable":true,"href":"https:\/\/diariodigitalmx.com\/index.php\/wp-json\/wp\/v2\/comments?post=137903"}],"version-history":[{"count":1,"href":"https:\/\/diariodigitalmx.com\/index.php\/wp-json\/wp\/v2\/posts\/137903\/revisions"}],"predecessor-version":[{"id":137904,"href":"https:\/\/diariodigitalmx.com\/index.php\/wp-json\/wp\/v2\/posts\/137903\/revisions\/137904"}],"wp:featuredmedia":[{"embeddable":true,"href":"https:\/\/diariodigitalmx.com\/index.php\/wp-json\/wp\/v2\/media\/137905"}],"wp:attachment":[{"href":"https:\/\/diariodigitalmx.com\/index.php\/wp-json\/wp\/v2\/media?parent=137903"}],"wp:term":[{"taxonomy":"category","embeddable":true,"href":"https:\/\/diariodigitalmx.com\/index.php\/wp-json\/wp\/v2\/categories?post=137903"},{"taxonomy":"post_tag","embeddable":true,"href":"https:\/\/diariodigitalmx.com\/index.php\/wp-json\/wp\/v2\/tags?post=137903"}],"curies":[{"name":"wp","href":"https:\/\/api.w.org\/{rel}","templated":true}]}}