{"id":137919,"date":"2025-07-25T05:47:22","date_gmt":"2025-07-25T11:47:22","guid":{"rendered":"https:\/\/diariodigitalmx.com\/?p=137919"},"modified":"2025-07-25T05:53:38","modified_gmt":"2025-07-25T11:53:38","slug":"para-comer-aqui-o-para-llevar","status":"publish","type":"post","link":"https:\/\/diariodigitalmx.com\/index.php\/2025\/07\/25\/para-comer-aqui-o-para-llevar\/","title":{"rendered":"Para comer aqu\u00ed o para llevar?"},"content":{"rendered":"\n<p>Gabriel Contreras<\/p>\n\n\n\n<p>Cuba ha vivido un cap\u00edtulo sumamente intenso y complejo entre 1959 y 2025. La palabra Revoluci\u00f3n ha sido dotada de nuevas significaciones a partir de la sumatoria de los llamados CDR, la administraci\u00f3n gubernamental de vestimenta, medicina y alimentos, y la creaci\u00f3n de una forma muy peculiar de turismo. Al mismo tiempo, ese pa\u00eds ha hecho posible la conformaci\u00f3n de una especie de casta dorada, en la que se aglutinan funcionarios de diversa \u00edndole y nivel, artistas apegados al r\u00e9gimen, informantes puntuales y militares de distinto rango y calibre.<\/p>\n\n\n\n<p>Hoy que son escasas las expectativas de movilidad social para la mayor parte de la poblaci\u00f3n cubana, y hoy que son incipientes las posibilidades de cuestionamiento y disidencia desde el interior, la democratizaci\u00f3n parece alejarse a bordo de una peque\u00f1a embarcaci\u00f3n diciendo adi\u00f3s con la mano.<\/p>\n\n\n\n<p>Pero m\u00e1s all\u00e1 de los colores y matices de la vida actual en el pa\u00eds de Jos\u00e9 Marti y Nicol\u00e1s Guill\u00e9n, en la Delegaci\u00f3n Cuauhtemoc, en la CDMX, hoy se debate la pertinencia de arrancar o defender dos esculturas ubicadas en un barrio popular y pintoresco. Una de ellas representa al Che, ese argentino que muri\u00f3 ametrallado en la selva boliviana, y la otra es un homenaje a Fidel Castro, comandante en jefe de ese movimiento que alguna vez estuvo conformado por doce personas y logr\u00f3 derrocar al gobierno de Batista.<\/p>\n\n\n\n<p>La pregunta es\u2026 Como fue que llegamos aqu\u00ed? Que nos obliga a defender o cuestionar p\u00fablicamente los s\u00edmbolos de un pa\u00eds que por cierto no es el nuestro?<\/p>\n","protected":false},"excerpt":{"rendered":"<p>Gabriel Contreras Cuba ha vivido un cap\u00edtulo sumamente intenso y complejo entre 1959 y 2025. La palabra Revoluci\u00f3n ha sido dotada de nuevas significaciones a partir de la sumatoria de los llamados CDR, la administraci\u00f3n gubernamental de vestimenta, medicina y alimentos, y la creaci\u00f3n de una forma muy peculiar de turismo. Al mismo tiempo, ese [&hellip;]<\/p>\n","protected":false},"author":1,"featured_media":137925,"comment_status":"open","ping_status":"open","sticky":false,"template":"","format":"standard","meta":{"footnotes":""},"categories":[12],"tags":[],"_links":{"self":[{"href":"https:\/\/diariodigitalmx.com\/index.php\/wp-json\/wp\/v2\/posts\/137919"}],"collection":[{"href":"https:\/\/diariodigitalmx.com\/index.php\/wp-json\/wp\/v2\/posts"}],"about":[{"href":"https:\/\/diariodigitalmx.com\/index.php\/wp-json\/wp\/v2\/types\/post"}],"author":[{"embeddable":true,"href":"https:\/\/diariodigitalmx.com\/index.php\/wp-json\/wp\/v2\/users\/1"}],"replies":[{"embeddable":true,"href":"https:\/\/diariodigitalmx.com\/index.php\/wp-json\/wp\/v2\/comments?post=137919"}],"version-history":[{"count":1,"href":"https:\/\/diariodigitalmx.com\/index.php\/wp-json\/wp\/v2\/posts\/137919\/revisions"}],"predecessor-version":[{"id":137920,"href":"https:\/\/diariodigitalmx.com\/index.php\/wp-json\/wp\/v2\/posts\/137919\/revisions\/137920"}],"wp:featuredmedia":[{"embeddable":true,"href":"https:\/\/diariodigitalmx.com\/index.php\/wp-json\/wp\/v2\/media\/137925"}],"wp:attachment":[{"href":"https:\/\/diariodigitalmx.com\/index.php\/wp-json\/wp\/v2\/media?parent=137919"}],"wp:term":[{"taxonomy":"category","embeddable":true,"href":"https:\/\/diariodigitalmx.com\/index.php\/wp-json\/wp\/v2\/categories?post=137919"},{"taxonomy":"post_tag","embeddable":true,"href":"https:\/\/diariodigitalmx.com\/index.php\/wp-json\/wp\/v2\/tags?post=137919"}],"curies":[{"name":"wp","href":"https:\/\/api.w.org\/{rel}","templated":true}]}}