{"id":137986,"date":"2025-07-27T23:30:17","date_gmt":"2025-07-28T05:30:17","guid":{"rendered":"https:\/\/diariodigitalmx.com\/?p=137986"},"modified":"2025-07-27T23:31:25","modified_gmt":"2025-07-28T05:31:25","slug":"vinculan-a-proceso-a-atacante-a-casa-de-el-bronco","status":"publish","type":"post","link":"https:\/\/diariodigitalmx.com\/index.php\/2025\/07\/27\/vinculan-a-proceso-a-atacante-a-casa-de-el-bronco\/","title":{"rendered":"Vinculan a proceso a atacante a casa de \u201cEl Bronco\u201d"},"content":{"rendered":"\n<p>Monterrey. &#8211; Jos\u00e9 Emilio N, de 30 a\u00f1os de edad el hombre que irrumpi\u00f3 en la casa del ex gobernador de Nuevo Le\u00f3n, Jaime Rodr\u00edguez Calder\u00f3n, \u201cEl Bronco\u201d, fue vinculado a proceso y qued\u00f3 internado en un penal estatal, inform\u00f3 la Fiscal\u00eda de Justicia.<\/p>\n\n\n\n<p>Lo anterior, como resultado de audiencia inicial por Control de Detenci\u00f3n\/imputaci\u00f3n, tras de que fue detenido en flagrancia de delitos cometidos al interior de una quinta propiedad del ex gobernador.<\/p>\n\n\n\n<p>De esta manera, se le ha vinculado por los delitos de da\u00f1os en propiedad ajena, ataques peligrosos, allanamiento y amenazas.<\/p>\n\n\n\n<p>En l audiencia el Juez calific\u00f3 de Legal Control de Detenci\u00f3n y&nbsp;un Agente del Ministerio P\u00fablico de la Fiscal\u00eda Regional Sur imputa a Jos\u00e9 Emilio &#8220;N&#8221; hechos con caracter\u00edsticas de delitos al exponer datos de prueba y solicita la vinculaci\u00f3n a proceso para el imputado.<\/p>\n\n\n\n<p>El Juez valor\u00f3 datos de prueba aportados por el A.M.P.I. para acreditar la existencia de delitos, as\u00ed como la posible responsabilidad del imputado en los hechos descritos, por lo que le resolvi\u00f3 su situaci\u00f3n jur\u00eddica, estimando pertinente y necesario dictar Auto de Vinculaci\u00f3n a Proceso en su contra&nbsp;para ser investigado por los cuatro delitos solicitados.<\/p>\n\n\n\n<p>Asimismo, impus\u00f3&nbsp;Medida Cautelar de prisi\u00f3n preventiva, a cumplir internado en un Centro de Reinserci\u00f3n Estatal y concedi\u00f3 plazo de un mes para cierre de investigaci\u00f3n complementaria.<\/p>\n\n\n\n<p>Los hechos se registraron el pasado 22 de julio al interior de una quinta ubicada por la calle Morelos en el centro del municipio de Garc\u00eda.<\/p>\n\n\n\n<p>El d\u00eda de los hechos, Jos\u00e9 Emilio &#8220;N&#8221; se introdujo a la quinta, ingresando hasta la casa ah\u00ed ubicada, en donde encendi\u00f3 fuego en el segundo piso de la vivienda provocando un incendio, por lo que al ser sorprendido por personal de seguridad se torna violento, los amenaza y los agrede, siendo neutralizado al realizarle un disparo t\u00e1ctico con arma de fuego en una extremidad, por lo que tuvo que ser llevado a un hospital para su atenci\u00f3n m\u00e9dica, pero con vigilancia hasta que fue dado de alta.<\/p>\n\n\n\n<p>Cuando se realiz\u00f3 el incendio en la cocina y parte de un gimnasio, el ex gobernador ten\u00eda diez minutos de haber salido de su casa en ese municipio al poniente de la zona metropolitana regiomontana.<\/p>\n\n\n\n<p>Esta misma semana, la Fiscal\u00eda de Justicia descart\u00f3 que haya sido un ataque con m\u00f3vil pol\u00edtico hacia \u201cEl Bronco\u201d y el Fiscal Javier Flores dijo que se trat\u00f3 de una persona que en estado de ebriedad vecino de la localidad y que sab\u00eda que era la propiedad del ex gobernador, entr\u00f3 a la misma con el af\u00e1n de sustraer algunas botellas de alcohol.<\/p>\n\n\n\n<p>\u201cLo que pas\u00f3 hoy en mi casa no fue cualquier cosa\u201d, coment\u00f3 en sus redes el ex gobernador horas despu\u00e9s de los hechos.<\/p>\n\n\n\n<p>\u201cUna persona entr\u00f3 a mi propiedad, intent\u00f3 prender fuego en la planta baja y luego subi\u00f3 a la planta alta, donde s\u00ed logr\u00f3 incendiar una de las habitaciones.<\/p>\n\n\n\n<p>Adem\u00e1s, intent\u00f3 agredir a dos personas del personal de servicio. Al intentar huir en el veh\u00edculo de uno de mis escoltas, el guardia que estaba de turno tuvo que intervenir y dispararle, a\u00f1adi\u00f3.<\/p>\n\n\n\n<p>Yo hab\u00eda salido apenas 10 minutos antes. Gracias a Dios, estoy bien, y el personal tambi\u00e9n est\u00e1 bien, explic\u00f3.<\/p>\n\n\n\n<p>\u201cVamos a dejar que la justicia haga su parte. Y claro\u2026 aqu\u00ed seguimos, sin miedo como siempre\u201d, remat\u00f3.<\/p>\n","protected":false},"excerpt":{"rendered":"<p>Monterrey. &#8211; Jos\u00e9 Emilio N, de 30 a\u00f1os de edad el hombre que irrumpi\u00f3 en la casa del ex gobernador de Nuevo Le\u00f3n, Jaime Rodr\u00edguez Calder\u00f3n, \u201cEl Bronco\u201d, fue vinculado a proceso y qued\u00f3 internado en un penal estatal, inform\u00f3 la Fiscal\u00eda de Justicia. Lo anterior, como resultado de audiencia inicial por Control de Detenci\u00f3n\/imputaci\u00f3n, [&hellip;]<\/p>\n","protected":false},"author":1,"featured_media":137988,"comment_status":"open","ping_status":"open","sticky":false,"template":"","format":"standard","meta":{"footnotes":""},"categories":[7],"tags":[],"_links":{"self":[{"href":"https:\/\/diariodigitalmx.com\/index.php\/wp-json\/wp\/v2\/posts\/137986"}],"collection":[{"href":"https:\/\/diariodigitalmx.com\/index.php\/wp-json\/wp\/v2\/posts"}],"about":[{"href":"https:\/\/diariodigitalmx.com\/index.php\/wp-json\/wp\/v2\/types\/post"}],"author":[{"embeddable":true,"href":"https:\/\/diariodigitalmx.com\/index.php\/wp-json\/wp\/v2\/users\/1"}],"replies":[{"embeddable":true,"href":"https:\/\/diariodigitalmx.com\/index.php\/wp-json\/wp\/v2\/comments?post=137986"}],"version-history":[{"count":1,"href":"https:\/\/diariodigitalmx.com\/index.php\/wp-json\/wp\/v2\/posts\/137986\/revisions"}],"predecessor-version":[{"id":137987,"href":"https:\/\/diariodigitalmx.com\/index.php\/wp-json\/wp\/v2\/posts\/137986\/revisions\/137987"}],"wp:featuredmedia":[{"embeddable":true,"href":"https:\/\/diariodigitalmx.com\/index.php\/wp-json\/wp\/v2\/media\/137988"}],"wp:attachment":[{"href":"https:\/\/diariodigitalmx.com\/index.php\/wp-json\/wp\/v2\/media?parent=137986"}],"wp:term":[{"taxonomy":"category","embeddable":true,"href":"https:\/\/diariodigitalmx.com\/index.php\/wp-json\/wp\/v2\/categories?post=137986"},{"taxonomy":"post_tag","embeddable":true,"href":"https:\/\/diariodigitalmx.com\/index.php\/wp-json\/wp\/v2\/tags?post=137986"}],"curies":[{"name":"wp","href":"https:\/\/api.w.org\/{rel}","templated":true}]}}