{"id":138035,"date":"2025-07-29T08:06:30","date_gmt":"2025-07-29T14:06:30","guid":{"rendered":"https:\/\/diariodigitalmx.com\/?p=138035"},"modified":"2025-07-29T08:08:56","modified_gmt":"2025-07-29T14:08:56","slug":"son-rumores","status":"publish","type":"post","link":"https:\/\/diariodigitalmx.com\/index.php\/2025\/07\/29\/son-rumores\/","title":{"rendered":"\u00bfSon rumores?"},"content":{"rendered":"\n<p>Ra\u00fal Guajardo Cant\u00fa&nbsp;<\/p>\n\n\n\n<p>Por los corrillos de la grilla estatal cada vez se extiende m\u00e1s la versi\u00f3n de que el gobernador Samuel Garc\u00eda habr\u00eda pactado la entrega del gobierno estatal a Morena, a cambio de que lo dejen tranquilo al t\u00e9rmino de su mandato, versiones que crecen al analizar el hecho de que la Fiscal\u00eda estatal ha comenzado a desestimar los expedientes en los cuales el gobernador es investigado por probables hechos constituyentes de delitos de diferente \u00edndole.<\/p>\n\n\n\n<p>Por otra parte, tambi\u00e9n corre la versi\u00f3n de que Samuel no tiene pensado entregar el gobierno pese a los posibles pactos que realice, ya que todav\u00eda no abandona su sue\u00f1o de ser candidato a la presidencia de la rep\u00fablica por Movimiento Ciudadano.<\/p>\n\n\n\n<p>De ah\u00ed, aducen algunos, su acercamiento al PAN nuevoleon\u00e9s, partido con el cual tambi\u00e9n se asegura ha intentado acordar el apoyo para su compadre y presumible candidato a la gubernatura del estado por los naranjas, Mike Flores.<\/p>\n\n\n\n<p>En pocas palabras, los rumores de todo tipo que corren nos pintan a un pol\u00edtico dispuesto a prometer tantas cosas como sea necesario a sabiendas de que no necesariamente cumplir\u00e1 sus promesas, como ya lo ha hecho en otras ocasiones.<\/p>\n\n\n\n<p>De ser ciertas algunas de estas versiones, seguramente veremos un escenario muy complicado y ca\u00f3tico en el proceso electoral de 2027, precisamente el tipo de situaci\u00f3n que le pudiera favorecer a Samuel Garc\u00eda para alcanzar sus prop\u00f3sitos.<\/p>\n\n\n\n<p>Tal escenario ser\u00eda el de una situaci\u00f3n en la cual nadie conf\u00ede en nadie, todos piensen que el otro va a traicionar los acuerdos, sobre todo que en el llamado PRIAN se presente una ruptura de facto, al menos eso es lo que piensa el gobernador.<\/p>\n\n\n\n<p>Sin embargo las cosas pudieran no salir tal y como Samuel lo desea, puede que no sea el m\u00e1s inteligente en el estado, como \u00e9l lo piensa, y suceda que en realidad se convierta en el aprendiz de brujo que desata fuerzas que posteriormente no puede controlar y se vea envuelto en una situaci\u00f3n en la cual esas fuerzas lo superen.<\/p>\n\n\n\n<p>Porque, siendo sinceros, las cosas se est\u00e1n moviendo tanto en el escenario federal como estatal, Samuel tiene compromiso con el expresidente L\u00f3pez Obrador, pero ello pudiera no ser suficiente cuando se tomen las decisiones pertinentes dentro de un a\u00f1o y medio, para entonces pudiera ser que sus acuerdos ya no sean v\u00e1lidos.<\/p>\n\n\n\n<p>Aunque tambi\u00e9n pudiera suceder que, viendo el descontento que existe entre los ciudadanos por la actuaci\u00f3n del actual gobierno del estado, la gente comience a voltear hacia otros lados y busque nuevos referentes, nuevas opciones a lo que hoy le ofrecen los partidos.<\/p>\n\n\n\n<p>Falta un tiempo para ello, habr\u00e1 que ver c\u00f3mo evolucionan las cosas, pero mientras tanto, veremos si efectivamente lo que se dice en el llamado \u201cradio pasillo\u201d es cierto y el gobernador est\u00e1 intentando pactar con todo mundo, hasta con sus enemigos m\u00e1s ac\u00e9rrimos.<\/p>\n\n\n\n<p>Por lo pronto, habr\u00e1 que ver c\u00f3mo se comportan los actores pol\u00edticos involucrados en esos rumores y prepararnos para ejercer nuestro derecho a elegir qui\u00e9n ser\u00e1 nuestro futuro gobernador y lo que pueda suceder con el actual.<\/p>\n","protected":false},"excerpt":{"rendered":"<p>Ra\u00fal Guajardo Cant\u00fa&nbsp; Por los corrillos de la grilla estatal cada vez se extiende m\u00e1s la versi\u00f3n de que el gobernador Samuel Garc\u00eda habr\u00eda pactado la entrega del gobierno estatal a Morena, a cambio de que lo dejen tranquilo al t\u00e9rmino de su mandato, versiones que crecen al analizar el hecho de que la Fiscal\u00eda [&hellip;]<\/p>\n","protected":false},"author":1,"featured_media":138037,"comment_status":"open","ping_status":"open","sticky":false,"template":"","format":"standard","meta":{"footnotes":""},"categories":[12],"tags":[],"_links":{"self":[{"href":"https:\/\/diariodigitalmx.com\/index.php\/wp-json\/wp\/v2\/posts\/138035"}],"collection":[{"href":"https:\/\/diariodigitalmx.com\/index.php\/wp-json\/wp\/v2\/posts"}],"about":[{"href":"https:\/\/diariodigitalmx.com\/index.php\/wp-json\/wp\/v2\/types\/post"}],"author":[{"embeddable":true,"href":"https:\/\/diariodigitalmx.com\/index.php\/wp-json\/wp\/v2\/users\/1"}],"replies":[{"embeddable":true,"href":"https:\/\/diariodigitalmx.com\/index.php\/wp-json\/wp\/v2\/comments?post=138035"}],"version-history":[{"count":1,"href":"https:\/\/diariodigitalmx.com\/index.php\/wp-json\/wp\/v2\/posts\/138035\/revisions"}],"predecessor-version":[{"id":138036,"href":"https:\/\/diariodigitalmx.com\/index.php\/wp-json\/wp\/v2\/posts\/138035\/revisions\/138036"}],"wp:featuredmedia":[{"embeddable":true,"href":"https:\/\/diariodigitalmx.com\/index.php\/wp-json\/wp\/v2\/media\/138037"}],"wp:attachment":[{"href":"https:\/\/diariodigitalmx.com\/index.php\/wp-json\/wp\/v2\/media?parent=138035"}],"wp:term":[{"taxonomy":"category","embeddable":true,"href":"https:\/\/diariodigitalmx.com\/index.php\/wp-json\/wp\/v2\/categories?post=138035"},{"taxonomy":"post_tag","embeddable":true,"href":"https:\/\/diariodigitalmx.com\/index.php\/wp-json\/wp\/v2\/tags?post=138035"}],"curies":[{"name":"wp","href":"https:\/\/api.w.org\/{rel}","templated":true}]}}