{"id":138051,"date":"2025-07-29T22:37:08","date_gmt":"2025-07-30T04:37:08","guid":{"rendered":"https:\/\/diariodigitalmx.com\/?p=138051"},"modified":"2025-07-29T22:38:47","modified_gmt":"2025-07-30T04:38:47","slug":"guerra-en-el-paraiso","status":"publish","type":"post","link":"https:\/\/diariodigitalmx.com\/index.php\/2025\/07\/29\/guerra-en-el-paraiso\/","title":{"rendered":"Guerra en el para\u00edso"},"content":{"rendered":"\n<p>Por Manuel CARMONA<\/p>\n\n\n\n<p>Lo que en un momento podr\u00eda parecer la revelaci\u00f3n de uno m\u00e1s de tantos esc\u00e1ndalos en la 4T sobre su posible complicidad pol\u00edtico criminal de varios de sus personajes emblem\u00e1ticos, en temas relacionados con la delincuencia organizada, esta vez tiene un significado de gran profundidad que muy pocos han podido vislumbrar.<\/p>\n\n\n\n<p>La divulgaci\u00f3n p\u00fablica de una orden de aprehensi\u00f3n librada desde febrero de este a\u00f1o pero que no se ha podido ejecutar y que se libr\u00f3 por varios delitos graves como extorsi\u00f3n y secuestro, en contra de Hern\u00e1n Berm\u00fadez Requena ex Secretario de Seguridad y Protecci\u00f3n Ciudadana en Tabasco, quien adem\u00e1s es se\u00f1alado de ser el verdadero jefe del grupo delictivo conocido como La Barredora, brazo armado del Cartel Jalisco Nueva Generaci\u00f3n, quien fuera designado en el cargo por el entonces gobernador Ad\u00e1n Augusto L\u00f3pez Hern\u00e1ndez, es en realidad parte del inicio de un proceso de deslinde entre la Presidenta de la Rep\u00fablica y su antecesor Andr\u00e9s Manuel L\u00f3pez Obrador.<\/p>\n\n\n\n<p>El abierto linchamiento que ya lleva una semana contra el senador Ad\u00e1n Augusto L\u00f3pez consentido y promovido desde Palacio Nacional, es el primer golpe en la mesa&nbsp; y un aviso claro para TODAS las figuras de poder en Morena que no han querido alinearse y que no dejan de hacerle sombra a la Presidenta de la Rep\u00fablica Claudia Sheimbaun Pardo, para que entiendan de una vez por todas quien es la nueva mandam\u00e1s.<\/p>\n\n\n\n<p>Lo que inici\u00f3 el pasado lunes 22 de julio como un caso pol\u00edtico policiaco, es en realidad el inicio de una purga&nbsp; de ciertos personajes que no son afines al grupo de la Presidenta de la Rep\u00fablica, como es el caso de los senadores Ricardo Monreal, Ad\u00e1n Augusto L\u00f3pez y el Secretario de Organizaci\u00f3n de Morena Andr\u00e9s Manuel L\u00f3pez Beltr\u00e1n, quienes en lugar de sumar a su gobierno, solo le restan constantemente, adem\u00e1s que no solo han venido conduci\u00e9ndose como adversarios, sino que PODRIAN CONVERTIRSE EN ENEMIGOS en un futuro cercano, por lo que se ha tomado la decisi\u00f3n de DESACTIVARLOS.<\/p>\n\n\n\n<p>Debemos partir de que nadie, ninguna empresa noticiosa en M\u00e9xico tendr\u00eda la manera de tener acceso una y otra vez en el lapso de una semana, a los momentos m\u00e1s privados e \u00edntimos del senador Ricardo Monreal sorprendido in fraganti en un lujoso hotel de Madrid, del Secretario de Educaci\u00f3n P\u00fablica Mario Delgado pillado de vacaciones en Portugal, de los Yunes disfrutando en la Isla de Capri en Italia y de Andr\u00e9s Manuel L\u00f3pez Beltr\u00e1n hospedado en un hotel de Tokio, Jap\u00f3n, de no ser los servicios de inteligencia del propio gobierno.<\/p>\n\n\n\n<p>En pol\u00edtica no hay casualidades, por lo tanto es imposible que en tan pocos d\u00edas se haya filtrado tanta informaci\u00f3n con tanto detenimiento sobre las actividades de todos aquellos&nbsp; personajes de Morena con los que la Presidenta de la Rep\u00fablica en el pasado reciente ha tenido desaveniencias, para hacer llegar este material a medios de comunicaci\u00f3n opositores al gobierno federal como es el Diario Reforma y Latinus entre otros, para despu\u00e9s alentar toda una campa\u00f1a perfectamente orquestada que ya se ha viralizado en redes sociales.<\/p>\n\n\n\n<p>La \u00fanica explicaci\u00f3n posible, es que todas im\u00e1genes y datos hechos llegar de una manera muy conveniente a determinados medios de comunicaci\u00f3n, sea parte de una estrategia pol\u00edtica que proviene desde los m\u00e1s altos niveles de poder de nuestro pa\u00eds, para exhibir a las figuras morenistas m\u00e1s significativas y DESACREDITARLAS, reducirlas a su m\u00e1s m\u00ednima expresi\u00f3n y luego DESPLAZARLAS.<\/p>\n\n\n\n<p>A\u00fan cuando Ricardo Monreal se ha ido apagando y de manera reciente, el pasado 13 de julio declar\u00f3 que su carrera pol\u00edtica ya se encuentra en un proceso de salida y que una vez que concluya su periodo como diputado federal ya no buscar\u00e1 ning\u00fan espacio pol\u00edtico, es muy evidente que la Presidenta de la Rep\u00fablica le est\u00e1 dando todav\u00eda m\u00e1s incentivos para evitar que en alg\u00fan momento tuviera la intenci\u00f3n de cambiar de opini\u00f3n.<\/p>\n\n\n\n<p>En el caso de Andy, tambi\u00e9n ya lleva varias semanas disminuido y absolutamente fuera de foco. Solo le faltaba por someter&nbsp; al coordinador de Morena en el Senado de la Rep\u00fablica Ad\u00e1n Augusto, pero ahora ya no le falta ninguno.<\/p>\n\n\n\n<p>Los m\u00e1s recientes acontecimientos nos indican que ya ha iniciado el proceso de una tersa ruptura entre la Presidenta en funciones y AMLO, en el momento exacto que ten\u00eda que darse, en el momento en que su antecesor se encuentra cercado y debilitado por las enormes presiones del vecino pa\u00eds del Norte.<\/p>\n\n\n\n<p>A pesar de todo se ha cuidado mucho de no hacerlo abiertamente, por eso a todos los mencionados los defiende en p\u00fablico con fervor e insistencia para mandar el mensaje HACIA AFUERA de que la preocupa preservar la cohesi\u00f3n entre los grupos y liderazgos del partido gobernante, sin embargo los mensajes HACIA ADENTRO tambi\u00e9n ya han sido turnados y han sido contundentes.&nbsp; Si los destinatarios no acusan recibo, no saben leer entre l\u00edneas, entonces tendr\u00e1n que atenerse a las consecuencias en un futuro no muy lejano.<\/p>\n\n\n\n<p>Lo que estamos viendo no solamente es una bater\u00eda de filtraciones period\u00edsticas, sino lo que estamos viendo son jugadas de Real POLITIK, es el comienzo del deslinde entre la Presidenta de la Rep\u00fablica y quien le entreg\u00f3 la estafeta. Dir\u00eda Nicol\u00e1s Maquiavelo: cualquiera tiene ojos para ver, pero muy pocos, comprenden lo que ven\u2026.<\/p>\n\n\n\n<p>El autor es abogado, escritor y analista pol\u00edtico.<\/p>\n","protected":false},"excerpt":{"rendered":"<p>Por Manuel CARMONA Lo que en un momento podr\u00eda parecer la revelaci\u00f3n de uno m\u00e1s de tantos esc\u00e1ndalos en la 4T sobre su posible complicidad pol\u00edtico criminal de varios de sus personajes emblem\u00e1ticos, en temas relacionados con la delincuencia organizada, esta vez tiene un significado de gran profundidad que muy pocos han podido vislumbrar. La [&hellip;]<\/p>\n","protected":false},"author":1,"featured_media":137165,"comment_status":"open","ping_status":"open","sticky":false,"template":"","format":"standard","meta":{"footnotes":""},"categories":[12],"tags":[],"_links":{"self":[{"href":"https:\/\/diariodigitalmx.com\/index.php\/wp-json\/wp\/v2\/posts\/138051"}],"collection":[{"href":"https:\/\/diariodigitalmx.com\/index.php\/wp-json\/wp\/v2\/posts"}],"about":[{"href":"https:\/\/diariodigitalmx.com\/index.php\/wp-json\/wp\/v2\/types\/post"}],"author":[{"embeddable":true,"href":"https:\/\/diariodigitalmx.com\/index.php\/wp-json\/wp\/v2\/users\/1"}],"replies":[{"embeddable":true,"href":"https:\/\/diariodigitalmx.com\/index.php\/wp-json\/wp\/v2\/comments?post=138051"}],"version-history":[{"count":1,"href":"https:\/\/diariodigitalmx.com\/index.php\/wp-json\/wp\/v2\/posts\/138051\/revisions"}],"predecessor-version":[{"id":138052,"href":"https:\/\/diariodigitalmx.com\/index.php\/wp-json\/wp\/v2\/posts\/138051\/revisions\/138052"}],"wp:featuredmedia":[{"embeddable":true,"href":"https:\/\/diariodigitalmx.com\/index.php\/wp-json\/wp\/v2\/media\/137165"}],"wp:attachment":[{"href":"https:\/\/diariodigitalmx.com\/index.php\/wp-json\/wp\/v2\/media?parent=138051"}],"wp:term":[{"taxonomy":"category","embeddable":true,"href":"https:\/\/diariodigitalmx.com\/index.php\/wp-json\/wp\/v2\/categories?post=138051"},{"taxonomy":"post_tag","embeddable":true,"href":"https:\/\/diariodigitalmx.com\/index.php\/wp-json\/wp\/v2\/tags?post=138051"}],"curies":[{"name":"wp","href":"https:\/\/api.w.org\/{rel}","templated":true}]}}