{"id":138071,"date":"2025-07-30T20:36:32","date_gmt":"2025-07-31T02:36:32","guid":{"rendered":"https:\/\/diariodigitalmx.com\/?p=138071"},"modified":"2025-07-30T20:43:28","modified_gmt":"2025-07-31T02:43:28","slug":"se-activa-el-tejido-social-en-escobedo","status":"publish","type":"post","link":"https:\/\/diariodigitalmx.com\/index.php\/2025\/07\/30\/se-activa-el-tejido-social-en-escobedo\/","title":{"rendered":"Se activa el tejido social en Escobedo"},"content":{"rendered":"\n<p>En Escobedo, el Tejido Social de la 4T Norte\u00f1a se activa con hechos, el Alcalde Andr\u00e9s Mijes impuls\u00f3 acciones que protegen y respaldan a la comunidad en momentos de vulnerabilidad, demostrando que nadie enfrenta solo las dificultades.<br>Por ello el Alcalde Mijes brind\u00f3 su apoyo total a Alan Belmares, joven de la Colonia Los Girasoles que fue v\u00edctima del robo de su motocicleta.<\/p>\n\n\n\n<figure class=\"wp-block-image size-large\"><img loading=\"lazy\" decoding=\"async\" width=\"1024\" height=\"696\" src=\"https:\/\/diariodigitalmx.com\/wp-content\/uploads\/2025\/07\/Q9A5257-1024x696.jpg\" alt=\"\" class=\"wp-image-138075\" srcset=\"https:\/\/diariodigitalmx.com\/wp-content\/uploads\/2025\/07\/Q9A5257-1024x696.jpg 1024w, https:\/\/diariodigitalmx.com\/wp-content\/uploads\/2025\/07\/Q9A5257-300x204.jpg 300w, https:\/\/diariodigitalmx.com\/wp-content\/uploads\/2025\/07\/Q9A5257-768x522.jpg 768w, https:\/\/diariodigitalmx.com\/wp-content\/uploads\/2025\/07\/Q9A5257-1536x1045.jpg 1536w, https:\/\/diariodigitalmx.com\/wp-content\/uploads\/2025\/07\/Q9A5257-2048x1393.jpg 2048w\" sizes=\"(max-width: 1024px) 100vw, 1024px\" \/><\/figure>\n\n\n\n<p>Al solidarizarse con \u00e9l, el Edil asegur\u00f3 que su Gobierno redoblar\u00e1 esfuerzos para reforzar la seguridad y trabajar con firmeza para que la 4T Norte\u00f1a contin\u00fae siendo sin\u00f3nimo de acompa\u00f1amiento, protecci\u00f3n y justicia social.<br>Durante el encuentro personal, Mijes reiter\u00f3 su compromiso con las familias escobedenses.<br>\u201cEstamos con Alan y con cada ciudadano que ha pasado por algo similar. No est\u00e1n solos\u201d, expres\u00f3.<br>Desde el momento en que se conoci\u00f3 el hecho, la Secretar\u00eda de Seguridad Ciudadana brind\u00f3 acompa\u00f1amiento puntual al joven y contin\u00faa colaborando en la investigaci\u00f3n para dar con los responsables del robo.<br>Alan, agradeci\u00f3 el respaldo recibido y el acompa\u00f1amiento que est\u00e1 teniendo en esta situaci\u00f3n.<br>\u201cEstamos muy agradecidos con todo el personal de Gobierno y de Polic\u00eda que no nos est\u00e1 dejando a la deriva. Gracias al se\u00f1or Mijes por apoyarnos, darnos aliento y saber que no estamos solos\u201d.<br>Adem\u00e1s del acompa\u00f1amiento institucional, el Gobierno de Escobedo anunci\u00f3 que Alan recibir\u00e1 una beca educativa para que contin\u00fae con sus estudios, al ser reconocido como estudiante ejemplar. Tambi\u00e9n se gestionar\u00e1 con asociaciones civiles la entrega de apoyos adicionales que fortalezcan su bienestar.<\/p>\n\n\n\n<figure class=\"wp-block-image size-large\"><img loading=\"lazy\" decoding=\"async\" width=\"1024\" height=\"683\" src=\"https:\/\/diariodigitalmx.com\/wp-content\/uploads\/2025\/07\/Q9A5275-1024x683.jpg\" alt=\"\" class=\"wp-image-138077\" srcset=\"https:\/\/diariodigitalmx.com\/wp-content\/uploads\/2025\/07\/Q9A5275-1024x683.jpg 1024w, https:\/\/diariodigitalmx.com\/wp-content\/uploads\/2025\/07\/Q9A5275-300x200.jpg 300w, https:\/\/diariodigitalmx.com\/wp-content\/uploads\/2025\/07\/Q9A5275-768x512.jpg 768w, https:\/\/diariodigitalmx.com\/wp-content\/uploads\/2025\/07\/Q9A5275-1536x1024.jpg 1536w, https:\/\/diariodigitalmx.com\/wp-content\/uploads\/2025\/07\/Q9A5275-2048x1365.jpg 2048w\" sizes=\"(max-width: 1024px) 100vw, 1024px\" \/><\/figure>\n\n\n\n<p>Mijes precis\u00f3 que este respaldo no solo busca hacer justicia, sino tambi\u00e9n brindar oportunidades para que los j\u00f3venes puedan construir un mejor futuro.<br>As\u00ed se vive la 4T Norte\u00f1a en Escobedo, no solo con infraestructura y servicios, sino con cercan\u00eda, empat\u00eda y acci\u00f3n real.<br>El Gobierno Municipal reafirma que seguir\u00e1 presente, activo y solidario para intervenir, auxiliar y proteger a cada escobedense cuando m\u00e1s lo necesite.<\/p>\n","protected":false},"excerpt":{"rendered":"<p>En Escobedo, el Tejido Social de la 4T Norte\u00f1a se activa con hechos, el Alcalde Andr\u00e9s Mijes impuls\u00f3 acciones que protegen y respaldan a la comunidad en momentos de vulnerabilidad, demostrando que nadie enfrenta solo las dificultades.Por ello el Alcalde Mijes brind\u00f3 su apoyo total a Alan Belmares, joven de la Colonia Los Girasoles que [&hellip;]<\/p>\n","protected":false},"author":1,"featured_media":138073,"comment_status":"open","ping_status":"open","sticky":false,"template":"","format":"standard","meta":{"footnotes":""},"categories":[6],"tags":[],"_links":{"self":[{"href":"https:\/\/diariodigitalmx.com\/index.php\/wp-json\/wp\/v2\/posts\/138071"}],"collection":[{"href":"https:\/\/diariodigitalmx.com\/index.php\/wp-json\/wp\/v2\/posts"}],"about":[{"href":"https:\/\/diariodigitalmx.com\/index.php\/wp-json\/wp\/v2\/types\/post"}],"author":[{"embeddable":true,"href":"https:\/\/diariodigitalmx.com\/index.php\/wp-json\/wp\/v2\/users\/1"}],"replies":[{"embeddable":true,"href":"https:\/\/diariodigitalmx.com\/index.php\/wp-json\/wp\/v2\/comments?post=138071"}],"version-history":[{"count":3,"href":"https:\/\/diariodigitalmx.com\/index.php\/wp-json\/wp\/v2\/posts\/138071\/revisions"}],"predecessor-version":[{"id":138078,"href":"https:\/\/diariodigitalmx.com\/index.php\/wp-json\/wp\/v2\/posts\/138071\/revisions\/138078"}],"wp:featuredmedia":[{"embeddable":true,"href":"https:\/\/diariodigitalmx.com\/index.php\/wp-json\/wp\/v2\/media\/138073"}],"wp:attachment":[{"href":"https:\/\/diariodigitalmx.com\/index.php\/wp-json\/wp\/v2\/media?parent=138071"}],"wp:term":[{"taxonomy":"category","embeddable":true,"href":"https:\/\/diariodigitalmx.com\/index.php\/wp-json\/wp\/v2\/categories?post=138071"},{"taxonomy":"post_tag","embeddable":true,"href":"https:\/\/diariodigitalmx.com\/index.php\/wp-json\/wp\/v2\/tags?post=138071"}],"curies":[{"name":"wp","href":"https:\/\/api.w.org\/{rel}","templated":true}]}}