{"id":138096,"date":"2025-07-31T09:53:04","date_gmt":"2025-07-31T15:53:04","guid":{"rendered":"https:\/\/diariodigitalmx.com\/?p=138096"},"modified":"2025-07-31T09:55:02","modified_gmt":"2025-07-31T15:55:02","slug":"invita-monterrey-a-ciudadanos-a-acudir-por-utiles-escolares-a-palacio-municipal","status":"publish","type":"post","link":"https:\/\/diariodigitalmx.com\/index.php\/2025\/07\/31\/invita-monterrey-a-ciudadanos-a-acudir-por-utiles-escolares-a-palacio-municipal\/","title":{"rendered":"Invita Monterrey a ciudadanos a acudir por \u00fatiles escolares a Palacio Municipal"},"content":{"rendered":"\n<p><\/p>\n\n\n\n<p>\u00b7&nbsp;&nbsp;&nbsp;&nbsp;&nbsp;&nbsp;&nbsp;&nbsp;&nbsp;<em>Continuar\u00e1 el reparto hasta el 8 de agosto de lunes a s\u00e1bado para preescolar, primaria y secundaria<\/em><\/p>\n\n\n\n<p>El programa \u201c\u00datiles, \u00fatiles\u201d se mantiene en el Palacio Municipal por instrucci\u00f3n del alcalde Adri\u00e1n de la Garza.<\/p>\n\n\n\n<p>En el primer piso, frente a las oficinas de Participaci\u00f3n Ciudadana y en horario de 9:00 a 16:00 horas de lunes a viernes y s\u00e1bados de 9:00 a 13:00 horas.<\/p>\n\n\n\n<p>El mun\u00edcipe, en compa\u00f1\u00eda de su esposa, la presidenta del DIF, Gaby Oyervides, visit\u00f3 este mi\u00e9rcoles el Centro de Bienestar Familiar del Parque Canoas.<\/p>\n\n\n\n<p>En este punto concluir\u00e1 ma\u00f1ana el reparto de materiales para estudiantes regiomontanos del nivel b\u00e1sico que se hizo en distintas sedes de la ciudad.<\/p>\n\n\n\n<figure class=\"wp-block-image size-large\"><img loading=\"lazy\" decoding=\"async\" width=\"1024\" height=\"682\" src=\"https:\/\/diariodigitalmx.com\/wp-content\/uploads\/2025\/07\/UTILES-CANOAS-1-1024x682.jpeg\" alt=\"\" class=\"wp-image-138100\" srcset=\"https:\/\/diariodigitalmx.com\/wp-content\/uploads\/2025\/07\/UTILES-CANOAS-1-1024x682.jpeg 1024w, https:\/\/diariodigitalmx.com\/wp-content\/uploads\/2025\/07\/UTILES-CANOAS-1-300x200.jpeg 300w, https:\/\/diariodigitalmx.com\/wp-content\/uploads\/2025\/07\/UTILES-CANOAS-1-768x512.jpeg 768w, https:\/\/diariodigitalmx.com\/wp-content\/uploads\/2025\/07\/UTILES-CANOAS-1.jpeg 1283w\" sizes=\"(max-width: 1024px) 100vw, 1024px\" \/><\/figure>\n\n\n\n<p>En lo sucesivo y hasta el 8 de agosto, se ofrecer\u00e1n los \u00fatiles en el Palacio Municipal, por lo que el Gobierno de Monterrey invita a los padres de familia cuyos hijos cursen preescolar, primaria o secundaria en esta ciudad, a acudir al m\u00f3dulo a recoger su paquete de \u00fatiles.<\/p>\n\n\n\n<figure class=\"wp-block-image size-large\"><img loading=\"lazy\" decoding=\"async\" width=\"1024\" height=\"682\" src=\"https:\/\/diariodigitalmx.com\/wp-content\/uploads\/2025\/07\/UTILES-CANOAS-2-1024x682.jpeg\" alt=\"\" class=\"wp-image-138101\" srcset=\"https:\/\/diariodigitalmx.com\/wp-content\/uploads\/2025\/07\/UTILES-CANOAS-2-1024x682.jpeg 1024w, https:\/\/diariodigitalmx.com\/wp-content\/uploads\/2025\/07\/UTILES-CANOAS-2-300x200.jpeg 300w, https:\/\/diariodigitalmx.com\/wp-content\/uploads\/2025\/07\/UTILES-CANOAS-2-768x512.jpeg 768w, https:\/\/diariodigitalmx.com\/wp-content\/uploads\/2025\/07\/UTILES-CANOAS-2.jpeg 1283w\" sizes=\"(max-width: 1024px) 100vw, 1024px\" \/><\/figure>\n\n\n\n<p>Dependiendo del grado escolar que vaya a iniciar para el ciclo 25-26, se le entregar\u00e1 el material que necesite seg\u00fan lo que establece la Secretar\u00eda de Educaci\u00f3n.<\/p>\n\n\n\n<p>En esta entrega de \u00fatiles estuvieron presentes el Jefe de Gabinete, Fernando Marg\u00e1in; los secretarios de Participaci\u00f3n Ciudadana, Rafa Ramos; de Desarrollo Humano e Igualdad Sustantiva, Karina Barr\u00f3n; de Administraci\u00f3n, Marcelo Segovia; la directora de Educaci\u00f3n, Ana Villalpando, la diputada federal, Anita Gonz\u00e1lez y la legisladora local, Lorena de la Garza.<\/p>\n","protected":false},"excerpt":{"rendered":"<p>\u00b7&nbsp;&nbsp;&nbsp;&nbsp;&nbsp;&nbsp;&nbsp;&nbsp;&nbsp;Continuar\u00e1 el reparto hasta el 8 de agosto de lunes a s\u00e1bado para preescolar, primaria y secundaria El programa \u201c\u00datiles, \u00fatiles\u201d se mantiene en el Palacio Municipal por instrucci\u00f3n del alcalde Adri\u00e1n de la Garza. En el primer piso, frente a las oficinas de Participaci\u00f3n Ciudadana y en horario de 9:00 a 16:00 horas de [&hellip;]<\/p>\n","protected":false},"author":1,"featured_media":138098,"comment_status":"open","ping_status":"open","sticky":false,"template":"","format":"standard","meta":{"footnotes":""},"categories":[6],"tags":[],"_links":{"self":[{"href":"https:\/\/diariodigitalmx.com\/index.php\/wp-json\/wp\/v2\/posts\/138096"}],"collection":[{"href":"https:\/\/diariodigitalmx.com\/index.php\/wp-json\/wp\/v2\/posts"}],"about":[{"href":"https:\/\/diariodigitalmx.com\/index.php\/wp-json\/wp\/v2\/types\/post"}],"author":[{"embeddable":true,"href":"https:\/\/diariodigitalmx.com\/index.php\/wp-json\/wp\/v2\/users\/1"}],"replies":[{"embeddable":true,"href":"https:\/\/diariodigitalmx.com\/index.php\/wp-json\/wp\/v2\/comments?post=138096"}],"version-history":[{"count":2,"href":"https:\/\/diariodigitalmx.com\/index.php\/wp-json\/wp\/v2\/posts\/138096\/revisions"}],"predecessor-version":[{"id":138102,"href":"https:\/\/diariodigitalmx.com\/index.php\/wp-json\/wp\/v2\/posts\/138096\/revisions\/138102"}],"wp:featuredmedia":[{"embeddable":true,"href":"https:\/\/diariodigitalmx.com\/index.php\/wp-json\/wp\/v2\/media\/138098"}],"wp:attachment":[{"href":"https:\/\/diariodigitalmx.com\/index.php\/wp-json\/wp\/v2\/media?parent=138096"}],"wp:term":[{"taxonomy":"category","embeddable":true,"href":"https:\/\/diariodigitalmx.com\/index.php\/wp-json\/wp\/v2\/categories?post=138096"},{"taxonomy":"post_tag","embeddable":true,"href":"https:\/\/diariodigitalmx.com\/index.php\/wp-json\/wp\/v2\/tags?post=138096"}],"curies":[{"name":"wp","href":"https:\/\/api.w.org\/{rel}","templated":true}]}}