{"id":138103,"date":"2025-07-31T09:57:13","date_gmt":"2025-07-31T15:57:13","guid":{"rendered":"https:\/\/diariodigitalmx.com\/?p=138103"},"modified":"2025-07-31T10:02:19","modified_gmt":"2025-07-31T16:02:19","slug":"adopta-un-arbol-mty-llega-a-su-8a-edicion-en-colonia-chepevera","status":"publish","type":"post","link":"https:\/\/diariodigitalmx.com\/index.php\/2025\/07\/31\/adopta-un-arbol-mty-llega-a-su-8a-edicion-en-colonia-chepevera\/","title":{"rendered":"\u201cAdopta un \u00c1rbol Mty\u201d llega a su 8\u00aa edici\u00f3n en Colonia Chepevera"},"content":{"rendered":"\n<p>Con el objetivo de seguir promoviendo una ciudad m\u00e1s verde, sostenible y resiliente, el Gobierno de Monterrey llev\u00f3 a cabo la octava edici\u00f3n del programa \u201cAdopta un \u00c1rbol Mty\u201d en el Parque Santa Rosa, ubicado en la colonia Chepevera.<\/p>\n\n\n\n<p>La actividad que promueve la Secretar\u00eda de Desarrollo Urbano Sostenible a trav\u00e9s de la Direcci\u00f3n General para un Desarrollo Verde bajo la modalidad drive thru y peatonal, con el prop\u00f3sito de facilitar la entrega de 150 \u00e1rboles nativos provenientes del vivero municipal.<\/p>\n\n\n\n<p>La ciudadan\u00eda interesada se registr\u00f3 previamente para participar, proporcionando datos como el n\u00famero de \u00e1rboles a adoptar y el \u00e1rea de la Colonia Chepevera donde ser\u00e1n plantados.<\/p>\n\n\n\n<figure class=\"wp-block-image size-large\"><img loading=\"lazy\" decoding=\"async\" width=\"1024\" height=\"682\" src=\"https:\/\/diariodigitalmx.com\/wp-content\/uploads\/2025\/07\/ADPTA-CHEPEVERA-2-1024x682.jpg\" alt=\"\" class=\"wp-image-138107\" srcset=\"https:\/\/diariodigitalmx.com\/wp-content\/uploads\/2025\/07\/ADPTA-CHEPEVERA-2-1024x682.jpg 1024w, https:\/\/diariodigitalmx.com\/wp-content\/uploads\/2025\/07\/ADPTA-CHEPEVERA-2-300x200.jpg 300w, https:\/\/diariodigitalmx.com\/wp-content\/uploads\/2025\/07\/ADPTA-CHEPEVERA-2-768x512.jpg 768w, https:\/\/diariodigitalmx.com\/wp-content\/uploads\/2025\/07\/ADPTA-CHEPEVERA-2-1536x1024.jpg 1536w, https:\/\/diariodigitalmx.com\/wp-content\/uploads\/2025\/07\/ADPTA-CHEPEVERA-2-2048x1365.jpg 2048w\" sizes=\"(max-width: 1024px) 100vw, 1024px\" \/><\/figure>\n\n\n\n<p>Personal especializado de la Direcci\u00f3n para una Ciudad Verde y de la Secretar\u00eda de Servicios P\u00fablicos instruy\u00f3 a los beneficiarios sobre los cuidados y mantenimiento de las especies entregadas, promoviendo la conciencia ambiental y la participaci\u00f3n ciudadana activa en la lucha contra el cambio clim\u00e1tico.<\/p>\n\n\n\n<p>En esta edici\u00f3n, se cont\u00f3 con la participaci\u00f3n del equipo de b\u00e9isbol profesional Sultanes de Monterrey, que adem\u00e1s es un grupo con responsabilidad social.<\/p>\n\n\n\n<p>Tambi\u00e9n estuvo presente la mascota del equipo, el Perro Sult\u00e1n, as\u00ed como el pitcher estelar liga mayorista Stephen Tarpley, quienes convivieron con los vecinos y repartieron abonos para los juegos de los Sultanes en casa.<\/p>\n\n\n\n<figure class=\"wp-block-image size-large\"><img loading=\"lazy\" decoding=\"async\" width=\"1024\" height=\"682\" src=\"https:\/\/diariodigitalmx.com\/wp-content\/uploads\/2025\/07\/ADOPTA-CHEPEVERA-3-1024x682.jpg\" alt=\"\" class=\"wp-image-138108\" srcset=\"https:\/\/diariodigitalmx.com\/wp-content\/uploads\/2025\/07\/ADOPTA-CHEPEVERA-3-1024x682.jpg 1024w, https:\/\/diariodigitalmx.com\/wp-content\/uploads\/2025\/07\/ADOPTA-CHEPEVERA-3-300x200.jpg 300w, https:\/\/diariodigitalmx.com\/wp-content\/uploads\/2025\/07\/ADOPTA-CHEPEVERA-3-768x512.jpg 768w, https:\/\/diariodigitalmx.com\/wp-content\/uploads\/2025\/07\/ADOPTA-CHEPEVERA-3-1536x1024.jpg 1536w, https:\/\/diariodigitalmx.com\/wp-content\/uploads\/2025\/07\/ADOPTA-CHEPEVERA-3-2048x1365.jpg 2048w\" sizes=\"(max-width: 1024px) 100vw, 1024px\" \/><\/figure>\n\n\n\n<p>Con estas acciones se suman esfuerzos para acercar el mensaje ecol\u00f3gico a m\u00e1s familias regias y fomentar la conciencia ambiental.<\/p>\n\n\n\n<p>Desde su lanzamiento en febrero de este a\u00f1o, el programa ha llevado a cabo siete ediciones en distintos puntos de la ciudad, logrando la adopci\u00f3n de m\u00e1s de 1,000 \u00e1rboles end\u00e9micos, contribuyendo a la reforestaci\u00f3n urbana y al fortalecimiento de los ecosistemas locales.<\/p>\n","protected":false},"excerpt":{"rendered":"<p>Con el objetivo de seguir promoviendo una ciudad m\u00e1s verde, sostenible y resiliente, el Gobierno de Monterrey llev\u00f3 a cabo la octava edici\u00f3n del programa \u201cAdopta un \u00c1rbol Mty\u201d en el Parque Santa Rosa, ubicado en la colonia Chepevera. La actividad que promueve la Secretar\u00eda de Desarrollo Urbano Sostenible a trav\u00e9s de la Direcci\u00f3n General [&hellip;]<\/p>\n","protected":false},"author":1,"featured_media":138105,"comment_status":"open","ping_status":"open","sticky":false,"template":"","format":"standard","meta":{"footnotes":""},"categories":[6],"tags":[],"_links":{"self":[{"href":"https:\/\/diariodigitalmx.com\/index.php\/wp-json\/wp\/v2\/posts\/138103"}],"collection":[{"href":"https:\/\/diariodigitalmx.com\/index.php\/wp-json\/wp\/v2\/posts"}],"about":[{"href":"https:\/\/diariodigitalmx.com\/index.php\/wp-json\/wp\/v2\/types\/post"}],"author":[{"embeddable":true,"href":"https:\/\/diariodigitalmx.com\/index.php\/wp-json\/wp\/v2\/users\/1"}],"replies":[{"embeddable":true,"href":"https:\/\/diariodigitalmx.com\/index.php\/wp-json\/wp\/v2\/comments?post=138103"}],"version-history":[{"count":2,"href":"https:\/\/diariodigitalmx.com\/index.php\/wp-json\/wp\/v2\/posts\/138103\/revisions"}],"predecessor-version":[{"id":138109,"href":"https:\/\/diariodigitalmx.com\/index.php\/wp-json\/wp\/v2\/posts\/138103\/revisions\/138109"}],"wp:featuredmedia":[{"embeddable":true,"href":"https:\/\/diariodigitalmx.com\/index.php\/wp-json\/wp\/v2\/media\/138105"}],"wp:attachment":[{"href":"https:\/\/diariodigitalmx.com\/index.php\/wp-json\/wp\/v2\/media?parent=138103"}],"wp:term":[{"taxonomy":"category","embeddable":true,"href":"https:\/\/diariodigitalmx.com\/index.php\/wp-json\/wp\/v2\/categories?post=138103"},{"taxonomy":"post_tag","embeddable":true,"href":"https:\/\/diariodigitalmx.com\/index.php\/wp-json\/wp\/v2\/tags?post=138103"}],"curies":[{"name":"wp","href":"https:\/\/api.w.org\/{rel}","templated":true}]}}