{"id":138110,"date":"2025-07-31T11:03:20","date_gmt":"2025-07-31T17:03:20","guid":{"rendered":"https:\/\/diariodigitalmx.com\/?p=138110"},"modified":"2025-07-31T11:05:24","modified_gmt":"2025-07-31T17:05:24","slug":"instructor-de-taekwondo-abusaba-de-alumna-otros-casos-en-gimnasia-tiene-en-prision-a-abusadores","status":"publish","type":"post","link":"https:\/\/diariodigitalmx.com\/index.php\/2025\/07\/31\/instructor-de-taekwondo-abusaba-de-alumna-otros-casos-en-gimnasia-tiene-en-prision-a-abusadores\/","title":{"rendered":"Instructor de taekwondo abusaba de alumna; otros casos en gimnasia tiene en prisi\u00f3n a abusadores"},"content":{"rendered":"\n<figure class=\"wp-block-video\"><video controls src=\"http:\/\/diariodigitalmx.com\/wp-content\/uploads\/2025\/07\/VID-20250731-WA0050.mp4\"><\/video><\/figure>\n\n\n\n<p>Monterrey. \u2013 La Fiscal\u00eda de Justicia de Nuevo Le\u00f3n inform\u00f3 de la detenci\u00f3n en Saltillo, Coahuila de Jorge, de 41 a\u00f1os de edad, un instructor de&nbsp;<strong>Taekwondo<\/strong>, que en el 2021 fue<strong>&nbsp;acusado<\/strong>&nbsp;por una de sus alumnas&nbsp;<strong>de violaci\u00f3n<\/strong>, en una&nbsp;<strong>academia del municipio de Escobedo.<\/strong><\/p>\n\n\n\n<p><strong>Se le gir\u00f3 la orden de aprehensi\u00f3n por&nbsp;<\/strong>los delitos de violaci\u00f3n, equiparable a violaci\u00f3n, atentados al pudor y corrupci\u00f3n de menores, y,&nbsp;<strong>d<\/strong>e acuerdo al reporte de la Fiscal\u00eda de Justicia, el detenido era instructor y, presuntamente, entre los a\u00f1os 2013 al 2015, abus\u00f3 de una menor, quien era su alumna.<\/p>\n\n\n\n<p>\u201cLa FGJNL documenta la presunta responsabilidad de Jorge &#8220;N&#8221; en hechos con caracter\u00edsticas compatibles con delitos sexuales previstos y sancionados en el C\u00f3digo Penal vigente en el Estado de Nuevo Le\u00f3n, los cuales ejerciera entre los a\u00f1os 2013 a 2015, al desempe\u00f1arse como instructor de una disciplina de artes marciales, actividad mediante la cual pudo tener contacto con una v\u00edctima adolescente de identidad protegida, a la cual le impusiera conductas de interacci\u00f3n corporal que le provocaron da\u00f1o f\u00edsico y psicol\u00f3gico a dicha v\u00edctima, alterando su adecuado desarrollo integral\u201d, explica la Fiscal\u00eda.<\/p>\n\n\n\n<p>Al parecer, adem\u00e1s de cometer abusos en la academia, el instructor tambi\u00e9n los hac\u00eda en la casa de la v\u00edctima, ya que manten\u00eda una relaci\u00f3n sentimental con la madre de la afectada en ese entonces, seg\u00fan se investiga tambi\u00e9n.<\/p>\n\n\n\n<p>En redes sociales, la v\u00edctima afirm\u00f3 que el instructor abusaba de ella desde los 11 a\u00f1os hasta los 17, as\u00ed como de su hermana menor, y ya en mayor\u00eda de edad, en el 2021<strong>&nbsp;<\/strong>interpuso la denuncia ante el Ministerio P\u00fablico, quien al obtener pruebas contundentes contra el presunto agresor solicit\u00f3 la orden de aprehensi\u00f3n a un Juez de Control.<\/p>\n\n\n\n<p>De inmediato se realizaron las investigaciones correspondientes y con las indagatorias comprobadas lo ubicaron en la Ciudad de Saltillo, en donde solicitaron el apoyo de las autoridades ministeriales de Coahuila, para que los elementos de la Agencia Estatal de Investigaciones de Nuevo Le\u00f3n lograron capturar al presunto agresor.<br>Por \u00f3rdenes de un Juez de Control, el detenido fue internado en uno de los Centros de Reinserci\u00f3n Social de Apodaca.<\/p>\n\n\n\n<p>OTROS CASOS DE ABUSO POR INSTRUCTORES DE GIMNASIA<\/p>\n\n\n\n<p>Por otro lado, D\u00e1maso N\u201d\u201d, otro instructor, pero de gimnasia se encuentra detenido desde hace meses debido a que ha sido acusado por sus v\u00edctimas de abuso sexual cuando eran menores de edad y \u00e9ste les impart\u00eda instrucci\u00f3n en un gimnasio de la localidad.<\/p>\n\n\n\n<p>El detenido enfrenta nueve denuncias en su contra y podr\u00edan surgir m\u00e1s, en tanto ha sido en dos ocasiones vinculado a proceso.<\/p>\n\n\n\n<p>Durante el pasado 8 de marzo en el D\u00eda Internacional de la Mujer, una de las facetadas, ahora con mayor\u00eda de edad hizo la denuncia contra el instructor, y posteriormente se sumaron otras m\u00e1s.<\/p>\n\n\n\n<p>Asimismo, otro instructor tambi\u00e9n de gimnasia se encuentra detenido por el mismo delito de abuso sexual en sus alumnas cuando eran menores de edad.<\/p>\n","protected":false},"excerpt":{"rendered":"<p>Monterrey. \u2013 La Fiscal\u00eda de Justicia de Nuevo Le\u00f3n inform\u00f3 de la detenci\u00f3n en Saltillo, Coahuila de Jorge, de 41 a\u00f1os de edad, un instructor de&nbsp;Taekwondo, que en el 2021 fue&nbsp;acusado&nbsp;por una de sus alumnas&nbsp;de violaci\u00f3n, en una&nbsp;academia del municipio de Escobedo. Se le gir\u00f3 la orden de aprehensi\u00f3n por&nbsp;los delitos de violaci\u00f3n, equiparable a [&hellip;]<\/p>\n","protected":false},"author":1,"featured_media":138112,"comment_status":"open","ping_status":"open","sticky":false,"template":"","format":"standard","meta":{"footnotes":""},"categories":[5,7],"tags":[],"_links":{"self":[{"href":"https:\/\/diariodigitalmx.com\/index.php\/wp-json\/wp\/v2\/posts\/138110"}],"collection":[{"href":"https:\/\/diariodigitalmx.com\/index.php\/wp-json\/wp\/v2\/posts"}],"about":[{"href":"https:\/\/diariodigitalmx.com\/index.php\/wp-json\/wp\/v2\/types\/post"}],"author":[{"embeddable":true,"href":"https:\/\/diariodigitalmx.com\/index.php\/wp-json\/wp\/v2\/users\/1"}],"replies":[{"embeddable":true,"href":"https:\/\/diariodigitalmx.com\/index.php\/wp-json\/wp\/v2\/comments?post=138110"}],"version-history":[{"count":2,"href":"https:\/\/diariodigitalmx.com\/index.php\/wp-json\/wp\/v2\/posts\/138110\/revisions"}],"predecessor-version":[{"id":138115,"href":"https:\/\/diariodigitalmx.com\/index.php\/wp-json\/wp\/v2\/posts\/138110\/revisions\/138115"}],"wp:featuredmedia":[{"embeddable":true,"href":"https:\/\/diariodigitalmx.com\/index.php\/wp-json\/wp\/v2\/media\/138112"}],"wp:attachment":[{"href":"https:\/\/diariodigitalmx.com\/index.php\/wp-json\/wp\/v2\/media?parent=138110"}],"wp:term":[{"taxonomy":"category","embeddable":true,"href":"https:\/\/diariodigitalmx.com\/index.php\/wp-json\/wp\/v2\/categories?post=138110"},{"taxonomy":"post_tag","embeddable":true,"href":"https:\/\/diariodigitalmx.com\/index.php\/wp-json\/wp\/v2\/tags?post=138110"}],"curies":[{"name":"wp","href":"https:\/\/api.w.org\/{rel}","templated":true}]}}