{"id":138122,"date":"2025-07-31T14:29:10","date_gmt":"2025-07-31T20:29:10","guid":{"rendered":"https:\/\/diariodigitalmx.com\/?p=138122"},"modified":"2025-07-31T15:47:33","modified_gmt":"2025-07-31T21:47:33","slug":"revela-estudio-que-ocho-de-cada-10-aceptan-la-alameda-en-monterrey","status":"publish","type":"post","link":"https:\/\/diariodigitalmx.com\/index.php\/2025\/07\/31\/revela-estudio-que-ocho-de-cada-10-aceptan-la-alameda-en-monterrey\/","title":{"rendered":"Revela estudio que ocho de cada 10 aceptan la Alameda en Monterrey"},"content":{"rendered":"\n<figure class=\"wp-block-image size-large\"><img loading=\"lazy\" decoding=\"async\" width=\"1024\" height=\"682\" src=\"https:\/\/diariodigitalmx.com\/wp-content\/uploads\/2025\/07\/IMG-20250731-WA0097-1024x682.jpg\" alt=\"\" class=\"wp-image-138126\" srcset=\"https:\/\/diariodigitalmx.com\/wp-content\/uploads\/2025\/07\/IMG-20250731-WA0097-1024x682.jpg 1024w, https:\/\/diariodigitalmx.com\/wp-content\/uploads\/2025\/07\/IMG-20250731-WA0097-300x200.jpg 300w, https:\/\/diariodigitalmx.com\/wp-content\/uploads\/2025\/07\/IMG-20250731-WA0097-768x512.jpg 768w, https:\/\/diariodigitalmx.com\/wp-content\/uploads\/2025\/07\/IMG-20250731-WA0097.jpg 1280w\" sizes=\"(max-width: 1024px) 100vw, 1024px\" \/><\/figure>\n\n\n\n<p>La Alameda Mariano Escobedo ha mejorado durante los \u00faltimos a\u00f1os, especialmente porque ahora luce con mayor arbolado, limpieza y seguridad, as\u00ed lo consideran los usuarios del parque, de acuerdo con un estudio concebido y dado a conocer hoy por Centro C\u00edvitas.<\/p>\n\n\n\n<p>Seg\u00fan el \u201cEstudio de Percepci\u00f3n Ciudadana sobre la Alameda Mariano Escobedo de Monterrey\u201d, el primero en su tipo que se realiza sobre este espacio y en el que m\u00e1s de 400 usuarios del parque fueron encuestados durante junio pasado, 8 de cada 10 personas tienen una opini\u00f3n positiva sobre el lugar.<\/p>\n\n\n\n<p>Tambi\u00e9n 7 de cada 10 personas han visto mejoras en este espacio durante los \u00faltimos tres a\u00f1os, y aunque existen \u00e1reas de oportunidad, el 75 por ciento de los encuestados considera que en general se encuentra en buen estado.<\/p>\n\n\n\n<figure class=\"wp-block-image size-large\"><img loading=\"lazy\" decoding=\"async\" width=\"1024\" height=\"682\" src=\"https:\/\/diariodigitalmx.com\/wp-content\/uploads\/2025\/07\/IMG-20250731-WA0093-1024x682.jpg\" alt=\"\" class=\"wp-image-138128\" srcset=\"https:\/\/diariodigitalmx.com\/wp-content\/uploads\/2025\/07\/IMG-20250731-WA0093-1024x682.jpg 1024w, https:\/\/diariodigitalmx.com\/wp-content\/uploads\/2025\/07\/IMG-20250731-WA0093-300x200.jpg 300w, https:\/\/diariodigitalmx.com\/wp-content\/uploads\/2025\/07\/IMG-20250731-WA0093-768x512.jpg 768w, https:\/\/diariodigitalmx.com\/wp-content\/uploads\/2025\/07\/IMG-20250731-WA0093.jpg 1280w\" sizes=\"(max-width: 1024px) 100vw, 1024px\" \/><\/figure>\n\n\n\n<p>\u201cEsto no es casualidad. Es resultado de un esfuerzo colectivo. Vecinos, gobierno, sociedad civil, usuarios cotidianos\u2026 todos han puesto algo de su parte. Y cuando todos remamos hacia el mismo lado, los espacios p\u00fablicos pueden transformarse\u201d, dijo Gabriela de la Paz Mel\u00e9ndez, presidenta de la asamblea de asociados de Centro C\u00edvitas.<\/p>\n\n\n\n<p>\u201cLa Alameda no es s\u00f3lo un parque; es un pulm\u00f3n social. Un punto de encuentro en pleno coraz\u00f3n de Monterrey. Y s\u00ed, vamos por buen camino, pero tambi\u00e9n es importante decirlo con claridad: a\u00fan queda mucho por hacer\u201d.<\/p>\n\n\n\n<p>En cuanto a la seguridad, 8 de cada 10 visitantes se sienten seguros en la Alameda; sin embargo, entre la minor\u00eda que no se siente as\u00ed, son los robos su mayor preocupaci\u00f3n, seguido de la presencia de personas en estado inconveniente.<\/p>\n\n\n\n<figure class=\"wp-block-image size-large\"><img loading=\"lazy\" decoding=\"async\" width=\"1024\" height=\"682\" src=\"https:\/\/diariodigitalmx.com\/wp-content\/uploads\/2025\/07\/IMG-20250731-WA0095-1024x682.jpg\" alt=\"\" class=\"wp-image-138129\" srcset=\"https:\/\/diariodigitalmx.com\/wp-content\/uploads\/2025\/07\/IMG-20250731-WA0095-1024x682.jpg 1024w, https:\/\/diariodigitalmx.com\/wp-content\/uploads\/2025\/07\/IMG-20250731-WA0095-300x200.jpg 300w, https:\/\/diariodigitalmx.com\/wp-content\/uploads\/2025\/07\/IMG-20250731-WA0095-768x512.jpg 768w, https:\/\/diariodigitalmx.com\/wp-content\/uploads\/2025\/07\/IMG-20250731-WA0095.jpg 1280w\" sizes=\"(max-width: 1024px) 100vw, 1024px\" \/><\/figure>\n\n\n\n<p>Entre los usuarios, 7 de cada 10 se consideran visitantes frecuentes, pues acuden al parque cada semana o a veces con mayor frecuencia, y en cada visita pasan, en promedio, 2 horas.<\/p>\n\n\n\n<p>Adem\u00e1s, a casi todos los encuestados les gustar\u00eda que existiera un \u00e1rea de juegos infantiles.<\/p>\n\n\n\n<p>Los visitantes se\u00f1alan que su objetivo al acudir a la Alameda es pasear, mientras que otros la usan s\u00f3lo como paso peatonal, seguido de acudir al lugar para tomar el transporte p\u00fablico.<\/p>\n\n\n\n<figure class=\"wp-block-image size-large\"><img loading=\"lazy\" decoding=\"async\" width=\"1024\" height=\"682\" src=\"https:\/\/diariodigitalmx.com\/wp-content\/uploads\/2025\/07\/IMG-20250731-WA0094-1024x682.jpg\" alt=\"\" class=\"wp-image-138130\" srcset=\"https:\/\/diariodigitalmx.com\/wp-content\/uploads\/2025\/07\/IMG-20250731-WA0094-1024x682.jpg 1024w, https:\/\/diariodigitalmx.com\/wp-content\/uploads\/2025\/07\/IMG-20250731-WA0094-300x200.jpg 300w, https:\/\/diariodigitalmx.com\/wp-content\/uploads\/2025\/07\/IMG-20250731-WA0094-768x512.jpg 768w, https:\/\/diariodigitalmx.com\/wp-content\/uploads\/2025\/07\/IMG-20250731-WA0094.jpg 1280w\" sizes=\"(max-width: 1024px) 100vw, 1024px\" \/><\/figure>\n\n\n\n<p>\u201cCada mes, por la Alameda pasan casi 500 mil personas, \u00e9sa es una cantidad mayor a la poblaci\u00f3n de municipios como Escobedo o San Nicol\u00e1s. Si a eso le agregamos todas las personas que vienen a pasear o a las actividades de Alameda de Pinta, estamos hablando de la relevancia del parque como pulm\u00f3n social\u201d, coment\u00f3 De la Paz Mel\u00e9ndez.<\/p>\n\n\n\n<p>\u201cSi bien existe lo b\u00e1sico en cuanto a botes de basura, bancas y sanitarios, el mismo uso y el tiempo los van deteriorando, y es ah\u00ed donde tenemos \u00e1reas de oportunidad para renovar este tipo de mobiliario y seguir haciendo de la Alameda un sitio m\u00e1s agradable\u201d.<\/p>\n\n\n\n<figure class=\"wp-block-image size-large\"><img loading=\"lazy\" decoding=\"async\" width=\"1024\" height=\"682\" src=\"https:\/\/diariodigitalmx.com\/wp-content\/uploads\/2025\/07\/IMG-20250731-WA0096-1024x682.jpg\" alt=\"\" class=\"wp-image-138134\" srcset=\"https:\/\/diariodigitalmx.com\/wp-content\/uploads\/2025\/07\/IMG-20250731-WA0096-1024x682.jpg 1024w, https:\/\/diariodigitalmx.com\/wp-content\/uploads\/2025\/07\/IMG-20250731-WA0096-300x200.jpg 300w, https:\/\/diariodigitalmx.com\/wp-content\/uploads\/2025\/07\/IMG-20250731-WA0096-768x512.jpg 768w, https:\/\/diariodigitalmx.com\/wp-content\/uploads\/2025\/07\/IMG-20250731-WA0096.jpg 1280w\" sizes=\"(max-width: 1024px) 100vw, 1024px\" \/><\/figure>\n\n\n\n<p>El estudio, que se realizar\u00e1 cada a\u00f1o, se\u00f1al\u00f3 que los usuarios consideran el paisaje verde, la tranquilidad y la posibilidad de descansar como los principales atractivos del parque.<\/p>\n\n\n\n<p>La presentaci\u00f3n se realiz\u00f3 en el parque en compa\u00f1\u00eda de vecinos, usuarios de la Alameda y representantes del Municipio de Monterrey, as\u00ed como otras autoridades e invitados.<\/p>\n\n\n\n<figure class=\"wp-block-image size-large\"><img loading=\"lazy\" decoding=\"async\" width=\"1024\" height=\"682\" src=\"https:\/\/diariodigitalmx.com\/wp-content\/uploads\/2025\/07\/IMG-20250731-WA0099-1024x682.jpg\" alt=\"\" class=\"wp-image-138131\" srcset=\"https:\/\/diariodigitalmx.com\/wp-content\/uploads\/2025\/07\/IMG-20250731-WA0099-1024x682.jpg 1024w, https:\/\/diariodigitalmx.com\/wp-content\/uploads\/2025\/07\/IMG-20250731-WA0099-300x200.jpg 300w, https:\/\/diariodigitalmx.com\/wp-content\/uploads\/2025\/07\/IMG-20250731-WA0099-768x512.jpg 768w, https:\/\/diariodigitalmx.com\/wp-content\/uploads\/2025\/07\/IMG-20250731-WA0099.jpg 1280w\" sizes=\"(max-width: 1024px) 100vw, 1024px\" \/><\/figure>\n\n\n\n<p>Entre los asistentes estuvieron Mayela Quiroga, Secretaria de Servicios P\u00fablicos, en representaci\u00f3n del Alcalde de Monterrey; Ra\u00fal Lozano, Secretario de Medio Ambiente de Nuevo Le\u00f3n, y Tatiana Clouthier, directora del Instituto de los Mexicanos en el Exterior.<\/p>\n\n\n\n<p>\u201cM\u00e1s all\u00e1 de la infraestructura o la limpieza, que sin duda son importantes, lo que est\u00e1 ocurriendo en la Alameda es algo mucho m\u00e1s grande: estamos recuperando la idea de comunidad y estamos activamente promoviendo el civismo entre nuestro alumnado\u201d, dijo&nbsp;Melina Sosa, directora de la facultad de ingenier\u00eda de la UMM.<\/p>\n\n\n\n<p>\u201cLa Alameda est\u00e1 volviendo a ser lo que fue y mucho m\u00e1s. Yo he visto el cambio con mis propios ojos: m\u00e1s \u00e1rboles, m\u00e1s limpieza, m\u00e1s seguridad. He visto a las familias regresar\u2026 y eso no pas\u00f3 solo; pas\u00f3 porque el gobierno, las organizaciones civiles, y quienes vivimos aqu\u00ed, nos tomamos en serio el derecho a tener un parque digno\u201d, se\u00f1al\u00f3&nbsp;Fabiola Rodr\u00edguez, vecina con m\u00e1s de 30 a\u00f1os de residencia frente al parque.<\/p>\n","protected":false},"excerpt":{"rendered":"<p>La Alameda Mariano Escobedo ha mejorado durante los \u00faltimos a\u00f1os, especialmente porque ahora luce con mayor arbolado, limpieza y seguridad, as\u00ed lo consideran los usuarios del parque, de acuerdo con un estudio concebido y dado a conocer hoy por Centro C\u00edvitas. Seg\u00fan el \u201cEstudio de Percepci\u00f3n Ciudadana sobre la Alameda Mariano Escobedo de Monterrey\u201d, el [&hellip;]<\/p>\n","protected":false},"author":1,"featured_media":138125,"comment_status":"open","ping_status":"open","sticky":false,"template":"","format":"standard","meta":{"footnotes":""},"categories":[6,5],"tags":[],"_links":{"self":[{"href":"https:\/\/diariodigitalmx.com\/index.php\/wp-json\/wp\/v2\/posts\/138122"}],"collection":[{"href":"https:\/\/diariodigitalmx.com\/index.php\/wp-json\/wp\/v2\/posts"}],"about":[{"href":"https:\/\/diariodigitalmx.com\/index.php\/wp-json\/wp\/v2\/types\/post"}],"author":[{"embeddable":true,"href":"https:\/\/diariodigitalmx.com\/index.php\/wp-json\/wp\/v2\/users\/1"}],"replies":[{"embeddable":true,"href":"https:\/\/diariodigitalmx.com\/index.php\/wp-json\/wp\/v2\/comments?post=138122"}],"version-history":[{"count":3,"href":"https:\/\/diariodigitalmx.com\/index.php\/wp-json\/wp\/v2\/posts\/138122\/revisions"}],"predecessor-version":[{"id":138135,"href":"https:\/\/diariodigitalmx.com\/index.php\/wp-json\/wp\/v2\/posts\/138122\/revisions\/138135"}],"wp:featuredmedia":[{"embeddable":true,"href":"https:\/\/diariodigitalmx.com\/index.php\/wp-json\/wp\/v2\/media\/138125"}],"wp:attachment":[{"href":"https:\/\/diariodigitalmx.com\/index.php\/wp-json\/wp\/v2\/media?parent=138122"}],"wp:term":[{"taxonomy":"category","embeddable":true,"href":"https:\/\/diariodigitalmx.com\/index.php\/wp-json\/wp\/v2\/categories?post=138122"},{"taxonomy":"post_tag","embeddable":true,"href":"https:\/\/diariodigitalmx.com\/index.php\/wp-json\/wp\/v2\/tags?post=138122"}],"curies":[{"name":"wp","href":"https:\/\/api.w.org\/{rel}","templated":true}]}}