{"id":138137,"date":"2025-07-31T18:19:28","date_gmt":"2025-08-01T00:19:28","guid":{"rendered":"https:\/\/diariodigitalmx.com\/?p=138137"},"modified":"2025-07-31T18:25:08","modified_gmt":"2025-08-01T00:25:08","slug":"se-suma-la-4t-nortena-y-jovenes-por-el-bienestar-animal","status":"publish","type":"post","link":"https:\/\/diariodigitalmx.com\/index.php\/2025\/07\/31\/se-suma-la-4t-nortena-y-jovenes-por-el-bienestar-animal\/","title":{"rendered":"Se suma la 4T Norte\u00f1a y j\u00f3venes por el bienestar animal"},"content":{"rendered":"\n<p>Con el respaldo de la 4T Norte\u00f1a, Escobedo vuelve a poner el tejido social en acci\u00f3n, este jueves, el Alcalde Andr\u00e9s Mijes consolid\u00f3 una alianza con un grupo de j\u00f3venes que, a trav\u00e9s del emprendimiento y la empat\u00eda, trabajan por el bienestar de los animales en situaci\u00f3n de calle.<br>El edil se reuni\u00f3 con los integrantes del colectivo \u201cLa Cachorriza Mty\u201d, un grupo de j\u00f3venes que ha logrado combinar empat\u00eda y acci\u00f3n, al vender roles de canela en redes sociales y en el Parque Lineal de la Rep\u00fablica Mexicana para financiar el rescate, atenci\u00f3n m\u00e9dica y adopci\u00f3n responsable de perros y gatos abandonados.<\/p>\n\n\n\n<figure class=\"wp-block-image size-large\"><img loading=\"lazy\" decoding=\"async\" width=\"1024\" height=\"683\" src=\"https:\/\/diariodigitalmx.com\/wp-content\/uploads\/2025\/07\/Q9A5439-1024x683.jpg\" alt=\"\" class=\"wp-image-138141\" srcset=\"https:\/\/diariodigitalmx.com\/wp-content\/uploads\/2025\/07\/Q9A5439-1024x683.jpg 1024w, https:\/\/diariodigitalmx.com\/wp-content\/uploads\/2025\/07\/Q9A5439-300x200.jpg 300w, https:\/\/diariodigitalmx.com\/wp-content\/uploads\/2025\/07\/Q9A5439-768x512.jpg 768w, https:\/\/diariodigitalmx.com\/wp-content\/uploads\/2025\/07\/Q9A5439-1536x1024.jpg 1536w, https:\/\/diariodigitalmx.com\/wp-content\/uploads\/2025\/07\/Q9A5439-2048x1365.jpg 2048w\" sizes=\"(max-width: 1024px) 100vw, 1024px\" \/><\/figure>\n\n\n\n<p>Inspirado por el ejemplo que promueve la Presidenta Claudia Sheinbaum, el Gobierno Municipal se suma a este esfuerzo ciudadano, reconociendo que las soluciones m\u00e1s duraderas surgen cuando la comunidad y las autoridades trabajan juntas.<br>\u201cEstos j\u00f3venes quieren a su sociedad y a los animalitos, ellos venden estos roles, precisamente para tener recursos para apoyar estos rescates de animalitos que se encuentran maltratados y que bueno han tenido un boom exponencial por su labor. Cuenten con el apoyo del municipio\u201d, expres\u00f3 el Alcalde Mijes.<br>A trav\u00e9s de la Direcci\u00f3n de Protecci\u00f3n y Bienestar Animal, el Municipio entabl\u00f3 contacto formal con el grupo para brindarles apoyo institucional como el acceso a consultas veterinarias gratuitas, esterilizaciones, asesor\u00eda en procesos de adopci\u00f3n, atenci\u00f3n m\u00e9dica especializada y donaci\u00f3n de alimento gracias a la colaboraci\u00f3n con escuelas, ciudadanos y organizaciones solidarias.<\/p>\n\n\n\n<figure class=\"wp-block-image size-full\"><img loading=\"lazy\" decoding=\"async\" width=\"720\" height=\"476\" src=\"https:\/\/diariodigitalmx.com\/wp-content\/uploads\/2025\/07\/Screenshot_20250731_182422_Gmail.jpg\" alt=\"\" class=\"wp-image-138146\" srcset=\"https:\/\/diariodigitalmx.com\/wp-content\/uploads\/2025\/07\/Screenshot_20250731_182422_Gmail.jpg 720w, https:\/\/diariodigitalmx.com\/wp-content\/uploads\/2025\/07\/Screenshot_20250731_182422_Gmail-300x198.jpg 300w\" sizes=\"(max-width: 720px) 100vw, 720px\" \/><\/figure>\n\n\n\n<p>Tambi\u00e9n se integrar\u00e1n a eventos municipales de convivencia familiar, donde podr\u00e1n ofrecer sus productos y seguir fortaleciendo su modelo de financiamiento social.<br>Con esta alianza, Escobedo reafirma su compromiso por construir una ciudad emp\u00e1tica, justa y solidaria, donde el liderazgo de las juventudes y el respaldo del gobierno dan vida a un verdadero tejido social en movimiento.<\/p>\n","protected":false},"excerpt":{"rendered":"<p>Con el respaldo de la 4T Norte\u00f1a, Escobedo vuelve a poner el tejido social en acci\u00f3n, este jueves, el Alcalde Andr\u00e9s Mijes consolid\u00f3 una alianza con un grupo de j\u00f3venes que, a trav\u00e9s del emprendimiento y la empat\u00eda, trabajan por el bienestar de los animales en situaci\u00f3n de calle.El edil se reuni\u00f3 con los integrantes [&hellip;]<\/p>\n","protected":false},"author":1,"featured_media":138140,"comment_status":"open","ping_status":"open","sticky":false,"template":"","format":"standard","meta":{"footnotes":""},"categories":[6],"tags":[],"_links":{"self":[{"href":"https:\/\/diariodigitalmx.com\/index.php\/wp-json\/wp\/v2\/posts\/138137"}],"collection":[{"href":"https:\/\/diariodigitalmx.com\/index.php\/wp-json\/wp\/v2\/posts"}],"about":[{"href":"https:\/\/diariodigitalmx.com\/index.php\/wp-json\/wp\/v2\/types\/post"}],"author":[{"embeddable":true,"href":"https:\/\/diariodigitalmx.com\/index.php\/wp-json\/wp\/v2\/users\/1"}],"replies":[{"embeddable":true,"href":"https:\/\/diariodigitalmx.com\/index.php\/wp-json\/wp\/v2\/comments?post=138137"}],"version-history":[{"count":4,"href":"https:\/\/diariodigitalmx.com\/index.php\/wp-json\/wp\/v2\/posts\/138137\/revisions"}],"predecessor-version":[{"id":138147,"href":"https:\/\/diariodigitalmx.com\/index.php\/wp-json\/wp\/v2\/posts\/138137\/revisions\/138147"}],"wp:featuredmedia":[{"embeddable":true,"href":"https:\/\/diariodigitalmx.com\/index.php\/wp-json\/wp\/v2\/media\/138140"}],"wp:attachment":[{"href":"https:\/\/diariodigitalmx.com\/index.php\/wp-json\/wp\/v2\/media?parent=138137"}],"wp:term":[{"taxonomy":"category","embeddable":true,"href":"https:\/\/diariodigitalmx.com\/index.php\/wp-json\/wp\/v2\/categories?post=138137"},{"taxonomy":"post_tag","embeddable":true,"href":"https:\/\/diariodigitalmx.com\/index.php\/wp-json\/wp\/v2\/tags?post=138137"}],"curies":[{"name":"wp","href":"https:\/\/api.w.org\/{rel}","templated":true}]}}