{"id":138153,"date":"2025-07-31T21:20:37","date_gmt":"2025-08-01T03:20:37","guid":{"rendered":"https:\/\/diariodigitalmx.com\/?p=138153"},"modified":"2025-07-31T21:31:09","modified_gmt":"2025-08-01T03:31:09","slug":"se-suma-monterrey-a-encuentro-mundial-de-valores","status":"publish","type":"post","link":"https:\/\/diariodigitalmx.com\/index.php\/2025\/07\/31\/se-suma-monterrey-a-encuentro-mundial-de-valores\/","title":{"rendered":"Se suma Monterrey a Encuentro Mundial de Valores"},"content":{"rendered":"\n<p>El Municipio de Monterrey firm\u00f3 este jueves un Contrato con la asociaci\u00f3n civil Encuentro Mundial de Valores A.B.P., en apoyo a la realizaci\u00f3n de su programa \u201cEncuentro Mundial de Valores, Edici\u00f3n XVII: Camino de la Paz y la Compasi\u00f3n\u201d, reafirmando as\u00ed su compromiso con el fortalecimiento del tejido social.<\/p>\n\n\n\n<p>La agrupaci\u00f3n que preside Mar\u00eda Cristina Gonz\u00e1lez Par\u00e1s, es una organizaci\u00f3n que trabaja en alianza con diversos sectores de la sociedad para promover valores positivos como la no violencia, el respeto, la tolerancia y la participaci\u00f3n ciudadana.<\/p>\n\n\n\n<p>Entre sus principales acciones destaca la organizaci\u00f3n del evento anual que lleva el mismo nombre, un espacio de reflexi\u00f3n, liderazgo y conciencia participativa.<\/p>\n\n\n\n<figure class=\"wp-block-image size-large\"><img loading=\"lazy\" decoding=\"async\" width=\"1024\" height=\"683\" src=\"https:\/\/diariodigitalmx.com\/wp-content\/uploads\/2025\/07\/DONATIVO-VALORES-3-1024x683.jpg\" alt=\"\" class=\"wp-image-138157\" srcset=\"https:\/\/diariodigitalmx.com\/wp-content\/uploads\/2025\/07\/DONATIVO-VALORES-3-1024x683.jpg 1024w, https:\/\/diariodigitalmx.com\/wp-content\/uploads\/2025\/07\/DONATIVO-VALORES-3-300x200.jpg 300w, https:\/\/diariodigitalmx.com\/wp-content\/uploads\/2025\/07\/DONATIVO-VALORES-3-768x512.jpg 768w, https:\/\/diariodigitalmx.com\/wp-content\/uploads\/2025\/07\/DONATIVO-VALORES-3-1536x1024.jpg 1536w, https:\/\/diariodigitalmx.com\/wp-content\/uploads\/2025\/07\/DONATIVO-VALORES-3-2048x1365.jpg 2048w\" sizes=\"(max-width: 1024px) 100vw, 1024px\" \/><\/figure>\n\n\n\n<p>Mediante este acuerdo, el Gobierno Municipal otorga una donaci\u00f3n de 800 mil pesos para apoyar el desarrollo de esta iniciativa que promueve la paz, la compasi\u00f3n y el desarrollo humano integral.<\/p>\n\n\n\n<p>Como parte de este convenio, el Encuentro Mundial de Valores A.B.P. se compromete a implementar el programa \u201cEntrenamiento en Compasi\u00f3n Integral\u201d, que consiste en 10 sesiones de capacitaci\u00f3n digital autodirigida, con posibilidad de acompa\u00f1amiento por facilitadores. Este programa, desarrollado por Human Value Center y Horux Business Consulting, se apoyar\u00e1 en una aplicaci\u00f3n tecnol\u00f3gica que acompa\u00f1ar\u00e1 a los participantes durante todo el proceso.<\/p>\n\n\n\n<figure class=\"wp-block-image size-large\"><img loading=\"lazy\" decoding=\"async\" width=\"1024\" height=\"683\" src=\"https:\/\/diariodigitalmx.com\/wp-content\/uploads\/2025\/07\/DONATIVO-VALORES-2-1024x683.jpg\" alt=\"\" class=\"wp-image-138159\" srcset=\"https:\/\/diariodigitalmx.com\/wp-content\/uploads\/2025\/07\/DONATIVO-VALORES-2-1024x683.jpg 1024w, https:\/\/diariodigitalmx.com\/wp-content\/uploads\/2025\/07\/DONATIVO-VALORES-2-300x200.jpg 300w, https:\/\/diariodigitalmx.com\/wp-content\/uploads\/2025\/07\/DONATIVO-VALORES-2-768x512.jpg 768w, https:\/\/diariodigitalmx.com\/wp-content\/uploads\/2025\/07\/DONATIVO-VALORES-2-1536x1024.jpg 1536w, https:\/\/diariodigitalmx.com\/wp-content\/uploads\/2025\/07\/DONATIVO-VALORES-2-2048x1365.jpg 2048w\" sizes=\"(max-width: 1024px) 100vw, 1024px\" \/><\/figure>\n\n\n\n<p>La Secretar\u00eda de Desarrollo Humano e Igualdad Sustantiva ser\u00e1 responsable de dar seguimiento a la correcta ejecuci\u00f3n del programa y de verificar el cumplimiento del objeto de la donaci\u00f3n mediante visitas de supervisi\u00f3n.<\/p>\n\n\n\n<p>Con esta alianza, el Municipio de Monterrey impulsa acciones concretas para fomentar una ciudadan\u00eda m\u00e1s emp\u00e1tica, participativa y comprometida con la construcci\u00f3n de una sociedad m\u00e1s justa y solidaria.<\/p>\n\n\n\n<p>En la firma del contrato participaron Fernando Marg\u00e1in Sada, jefe de Gabinete municipal; Karina Barr\u00f3n Perales, secretaria de Desarrollo Humano e Igualdad Sustantiva; &nbsp;Juan Francisco Rodulfo Oropeza, director de Egresos de la Tesorer\u00eda Municipal y Mar\u00eda Cristina Gonz\u00e1lez Par\u00e1s, Presidenta de Encuentro Mundial de Valores A.B.P.<\/p>\n","protected":false},"excerpt":{"rendered":"<p>El Municipio de Monterrey firm\u00f3 este jueves un Contrato con la asociaci\u00f3n civil Encuentro Mundial de Valores A.B.P., en apoyo a la realizaci\u00f3n de su programa \u201cEncuentro Mundial de Valores, Edici\u00f3n XVII: Camino de la Paz y la Compasi\u00f3n\u201d, reafirmando as\u00ed su compromiso con el fortalecimiento del tejido social. La agrupaci\u00f3n que preside Mar\u00eda Cristina [&hellip;]<\/p>\n","protected":false},"author":1,"featured_media":138156,"comment_status":"open","ping_status":"open","sticky":false,"template":"","format":"standard","meta":{"footnotes":""},"categories":[6],"tags":[],"_links":{"self":[{"href":"https:\/\/diariodigitalmx.com\/index.php\/wp-json\/wp\/v2\/posts\/138153"}],"collection":[{"href":"https:\/\/diariodigitalmx.com\/index.php\/wp-json\/wp\/v2\/posts"}],"about":[{"href":"https:\/\/diariodigitalmx.com\/index.php\/wp-json\/wp\/v2\/types\/post"}],"author":[{"embeddable":true,"href":"https:\/\/diariodigitalmx.com\/index.php\/wp-json\/wp\/v2\/users\/1"}],"replies":[{"embeddable":true,"href":"https:\/\/diariodigitalmx.com\/index.php\/wp-json\/wp\/v2\/comments?post=138153"}],"version-history":[{"count":2,"href":"https:\/\/diariodigitalmx.com\/index.php\/wp-json\/wp\/v2\/posts\/138153\/revisions"}],"predecessor-version":[{"id":138160,"href":"https:\/\/diariodigitalmx.com\/index.php\/wp-json\/wp\/v2\/posts\/138153\/revisions\/138160"}],"wp:featuredmedia":[{"embeddable":true,"href":"https:\/\/diariodigitalmx.com\/index.php\/wp-json\/wp\/v2\/media\/138156"}],"wp:attachment":[{"href":"https:\/\/diariodigitalmx.com\/index.php\/wp-json\/wp\/v2\/media?parent=138153"}],"wp:term":[{"taxonomy":"category","embeddable":true,"href":"https:\/\/diariodigitalmx.com\/index.php\/wp-json\/wp\/v2\/categories?post=138153"},{"taxonomy":"post_tag","embeddable":true,"href":"https:\/\/diariodigitalmx.com\/index.php\/wp-json\/wp\/v2\/tags?post=138153"}],"curies":[{"name":"wp","href":"https:\/\/api.w.org\/{rel}","templated":true}]}}