{"id":138188,"date":"2025-08-01T17:51:07","date_gmt":"2025-08-01T23:51:07","guid":{"rendered":"https:\/\/diariodigitalmx.com\/?p=138188"},"modified":"2025-08-01T17:52:30","modified_gmt":"2025-08-01T23:52:30","slug":"proceso-contra-alejandro-moreno-es-persecucion-politica-de-morena-para-tratar-de-silenciarlo-jgo","status":"publish","type":"post","link":"https:\/\/diariodigitalmx.com\/index.php\/2025\/08\/01\/proceso-contra-alejandro-moreno-es-persecucion-politica-de-morena-para-tratar-de-silenciarlo-jgo\/","title":{"rendered":"Proceso contra Alejandro Moreno es persecuci\u00f3n pol\u00edtica de Morena para tratar de silenciarlo: JGO"},"content":{"rendered":"\n<p>Monterrey, N.L..- El proceso contra Alejandro Moreno C\u00e1rdenas, presidente del PRI nacional es una persecuci\u00f3n pol\u00edtica que tiene su origen en el gobierno dictatorial y corrupto de Morena, que arbitrariamente busca silenciar las voces cr\u00edticas, estableci\u00f3 Jos\u00e9 Luis Garza Ochoa, dirigente priista en Nuevo Le\u00f3n.<br>&#8220;El proceso contra el presidente Alejandro Moreno es un acto de persecuci\u00f3n pol\u00edtica. No buscan justicia, buscan silenciar una voz cr\u00edtica y valiente que ha enfrentado al poder con determinaci\u00f3n&#8221;, afirm\u00f3 Garza Ochoa.<br>&#8220;Morena ha convertido las Fiscal\u00edas en armas para atacar a la oposici\u00f3n. Hoy es Alejandro Moreno, ma\u00f1ana puede ser cualquier ciudadano que se atreva a se\u00f1alar sus pactos con el crimen&#8221;, alert\u00f3.<br>Jos\u00e9 Luis Garza Ochoa fue m\u00e1s all\u00e1 al asegurar que lo que est\u00e1 en juego no es un caso individual, es el Estado de Derecho en M\u00e9xico, sin embargo, &#8220;mientras persiguen a opositores, encubren a sus c\u00f3mplices, que ya han sido se\u00f1alados por Estados Unidos por sus ligas con el narcotr\u00e1fico, y que ahora est\u00e1n muertos de miedo&#8221;, mencion\u00f3.<br>Record\u00f3 que Alejandro Moreno ha denunciado a pol\u00edticos de MORENA, vinculados al crimen organizado, en espacios internacionales (DEA, FBI, Corte Penal Internacional) donde el gobierno no puede censurar.<br>&#8221; Y en ese sentido, no nos van a doblar. Que lo escuchen bien: el PRI no se calla, no se rinde y no se arrodilla. Vamos a defender a nuestro partido, a nuestro pa\u00eds y a cada priista que levante la voz&#8221;, recalc\u00f3.<br>El l\u00edder priista reiter\u00f3 que en el tricolor hay unidad, cierre de filas y apoyo incondicional a nuestro dirigente Nacional.<\/p>\n","protected":false},"excerpt":{"rendered":"<p>Monterrey, N.L..- El proceso contra Alejandro Moreno C\u00e1rdenas, presidente del PRI nacional es una persecuci\u00f3n pol\u00edtica que tiene su origen en el gobierno dictatorial y corrupto de Morena, que arbitrariamente busca silenciar las voces cr\u00edticas, estableci\u00f3 Jos\u00e9 Luis Garza Ochoa, dirigente priista en Nuevo Le\u00f3n.&#8220;El proceso contra el presidente Alejandro Moreno es un acto de [&hellip;]<\/p>\n","protected":false},"author":1,"featured_media":138190,"comment_status":"open","ping_status":"open","sticky":false,"template":"","format":"standard","meta":{"footnotes":""},"categories":[6,5],"tags":[],"_links":{"self":[{"href":"https:\/\/diariodigitalmx.com\/index.php\/wp-json\/wp\/v2\/posts\/138188"}],"collection":[{"href":"https:\/\/diariodigitalmx.com\/index.php\/wp-json\/wp\/v2\/posts"}],"about":[{"href":"https:\/\/diariodigitalmx.com\/index.php\/wp-json\/wp\/v2\/types\/post"}],"author":[{"embeddable":true,"href":"https:\/\/diariodigitalmx.com\/index.php\/wp-json\/wp\/v2\/users\/1"}],"replies":[{"embeddable":true,"href":"https:\/\/diariodigitalmx.com\/index.php\/wp-json\/wp\/v2\/comments?post=138188"}],"version-history":[{"count":1,"href":"https:\/\/diariodigitalmx.com\/index.php\/wp-json\/wp\/v2\/posts\/138188\/revisions"}],"predecessor-version":[{"id":138189,"href":"https:\/\/diariodigitalmx.com\/index.php\/wp-json\/wp\/v2\/posts\/138188\/revisions\/138189"}],"wp:featuredmedia":[{"embeddable":true,"href":"https:\/\/diariodigitalmx.com\/index.php\/wp-json\/wp\/v2\/media\/138190"}],"wp:attachment":[{"href":"https:\/\/diariodigitalmx.com\/index.php\/wp-json\/wp\/v2\/media?parent=138188"}],"wp:term":[{"taxonomy":"category","embeddable":true,"href":"https:\/\/diariodigitalmx.com\/index.php\/wp-json\/wp\/v2\/categories?post=138188"},{"taxonomy":"post_tag","embeddable":true,"href":"https:\/\/diariodigitalmx.com\/index.php\/wp-json\/wp\/v2\/tags?post=138188"}],"curies":[{"name":"wp","href":"https:\/\/api.w.org\/{rel}","templated":true}]}}