{"id":138217,"date":"2025-08-03T13:32:58","date_gmt":"2025-08-03T19:32:58","guid":{"rendered":"https:\/\/diariodigitalmx.com\/?p=138217"},"modified":"2025-08-03T13:34:10","modified_gmt":"2025-08-03T19:34:10","slug":"economia-de-cuarta","status":"publish","type":"post","link":"https:\/\/diariodigitalmx.com\/index.php\/2025\/08\/03\/economia-de-cuarta\/","title":{"rendered":"Econom\u00eda de Cuarta\u2026"},"content":{"rendered":"\n<p>Cosas del Tony<\/p>\n\n\n\n<p>Por: Antonio S\u00e1nchez R.<\/p>\n\n\n\n<p>La econom\u00eda nacional se encuentra en graves problemas: el crecimiento ha sido nulo y el avance de los precios frente a los salarios es preocupante, haciendo cada vez m\u00e1s dif\u00edcil la subsistencia de la poblaci\u00f3n y con un crecimiento constante en el \u00edndice de pobreza que nos muestra no s\u00f3lo un dif\u00edcil escenario actual, sino tambi\u00e9n un oscuro futuro.<\/p>\n\n\n\n<p>La crisis recurrente en la que ha vivido nuestro pa\u00eds desde hace cuatro d\u00e9cadas nos ha ense\u00f1ado que por m\u00e1s reformas que se realicen, el estado financiero del pa\u00eds no var\u00eda, pues a veces se les olvida que las crisis no se combaten con decretos o reformas, sino con medidas que visualicen los movimientos econ\u00f3micos a nivel internacional, que son los que impactan finalmente a nuestro esquema econ\u00f3mico.<\/p>\n\n\n\n<p>El pa\u00eds se encuentra en situaci\u00f3n dif\u00edcil. La realidad nos ubica en una de sus peores crisis, siendo notable su repercusi\u00f3n en el crecimiento de todos los conflictos financieros que se originan en otras latitudes y que como ondas continuas, terminan por derrumbar cualquier medida preventiva que se haya establecido.<\/p>\n\n\n\n<p>Ante el entorno agresivo de la especulaci\u00f3n actual, me gustar\u00eda ver a ciertos ex presidentes que presum\u00edan devaluaciones porcentualmente inferiores en n\u00fameros reales, durante sus gobiernos, marcados por la desaceleraci\u00f3n econ\u00f3mica y por un \u00edndice de crecimiento pr\u00e1cticamente en ceros, siendo la gesti\u00f3n presidencial m\u00e1s reciente, la del \u201cSanto Ni\u00f1o de Macuspana\u201d, la m\u00e1s nefasta en la historia de este pa\u00eds.<\/p>\n\n\n\n<p>El dinero no tiene fronteras, ni credos, ni colores partidistas y menos si lo mueven los genios de la especulaci\u00f3n que tienen como trabajo primordial desestabilizar naciones, comprar corporaciones, despedazarlas y venderlas.<\/p>\n\n\n\n<p>Los golpes y las oleadas especulativas las resiente m\u00e1s el ciudadano que depende de un salario para sobrevivir, por lo que cada vez le rasca m\u00e1s al bolsillo sin que en \u00e9ste encuentre la forma de sobreponerse a las alzas de precios en la ya mal llamada \u201ccanasta b\u00e1sica\u201d.<\/p>\n\n\n\n<p>Pero si la situaci\u00f3n econ\u00f3mica durante este a\u00f1o de 2025 ha sido en verdad dif\u00edcil, los agoreros de las desgracias pronostican peores cosas para el pr\u00f3ximo a\u00f1o. Nuestra econom\u00eda nacional, dependiente en gran medida de los ingresos generados por la industria petrolera, ser\u00e1 severamente golpeada y una vez m\u00e1s, entraremos en un tobog\u00e1n, que no espiral, inflacionario.<\/p>\n\n\n\n<p>No hay magos con varitas m\u00e1gicas. Parte de la soluci\u00f3n est\u00e1 afuera, pero la parte que le corresponde a quienes dirigen los destinos del pa\u00eds, deber\u00eda centrarse en la b\u00fasqueda de una mayor generaci\u00f3n de riqueza, a trav\u00e9s de una apertura permanente a la inversi\u00f3n extranjera, as\u00ed como el impulso a la industria y al campo y que de estos sectores se derive la exportaci\u00f3n que permita el ingreso de divisas que, a su vez, permitir\u00edan frenar la devaluaci\u00f3n de nuestra moneda.<\/p>\n\n\n\n<p>A todos los problemas existentes allende nuestras fronteras, tendr\u00edamos qu\u00e9 agregar el grave conflicto que se desarrolla al otro lado de nuestra frontera norte, situaci\u00f3n que ha derivado en un problema may\u00fasculo, como lo es el establecimiento de onerosos aranceles a algunos productos mexicanos o ese rid\u00edculo \u201cimpuesto\u201d a los env\u00edos de nuestros paisanos.<\/p>\n\n\n\n<p>Pero en fin, los expertos son los que saben en realidad qu\u00e9 es lo que se tiene qu\u00e9 hacer y ya veremos en los pr\u00f3ximos meses si la se\u00f1ora presidente (con E) y su equipo es capaz de volver las aguas a su cauce normal o continuamos al borde del precipicio, de ese precipicio hacia el vac\u00edo de una econom\u00eda de cuarta.<\/p>\n\n\n\n<p>Aunque\u2026, la mera neta, parece que no hay forma de salir de este atolladero, pues s\u00f3lo hay qu\u00e9 ver el comportamiento de ciertos funcionarios del actual r\u00e9gimen, quienes han olvidado los \u201csabios\u201d consejos de su \u201cpastor\u201d y hoy se comportan como verdaderos magnates y pues, con esos ejemplos, \u00bfc\u00f3mo?<\/p>\n","protected":false},"excerpt":{"rendered":"<p>Cosas del Tony Por: Antonio S\u00e1nchez R. La econom\u00eda nacional se encuentra en graves problemas: el crecimiento ha sido nulo y el avance de los precios frente a los salarios es preocupante, haciendo cada vez m\u00e1s dif\u00edcil la subsistencia de la poblaci\u00f3n y con un crecimiento constante en el \u00edndice de pobreza que nos muestra [&hellip;]<\/p>\n","protected":false},"author":1,"featured_media":138219,"comment_status":"open","ping_status":"open","sticky":false,"template":"","format":"standard","meta":{"footnotes":""},"categories":[12],"tags":[],"_links":{"self":[{"href":"https:\/\/diariodigitalmx.com\/index.php\/wp-json\/wp\/v2\/posts\/138217"}],"collection":[{"href":"https:\/\/diariodigitalmx.com\/index.php\/wp-json\/wp\/v2\/posts"}],"about":[{"href":"https:\/\/diariodigitalmx.com\/index.php\/wp-json\/wp\/v2\/types\/post"}],"author":[{"embeddable":true,"href":"https:\/\/diariodigitalmx.com\/index.php\/wp-json\/wp\/v2\/users\/1"}],"replies":[{"embeddable":true,"href":"https:\/\/diariodigitalmx.com\/index.php\/wp-json\/wp\/v2\/comments?post=138217"}],"version-history":[{"count":1,"href":"https:\/\/diariodigitalmx.com\/index.php\/wp-json\/wp\/v2\/posts\/138217\/revisions"}],"predecessor-version":[{"id":138218,"href":"https:\/\/diariodigitalmx.com\/index.php\/wp-json\/wp\/v2\/posts\/138217\/revisions\/138218"}],"wp:featuredmedia":[{"embeddable":true,"href":"https:\/\/diariodigitalmx.com\/index.php\/wp-json\/wp\/v2\/media\/138219"}],"wp:attachment":[{"href":"https:\/\/diariodigitalmx.com\/index.php\/wp-json\/wp\/v2\/media?parent=138217"}],"wp:term":[{"taxonomy":"category","embeddable":true,"href":"https:\/\/diariodigitalmx.com\/index.php\/wp-json\/wp\/v2\/categories?post=138217"},{"taxonomy":"post_tag","embeddable":true,"href":"https:\/\/diariodigitalmx.com\/index.php\/wp-json\/wp\/v2\/tags?post=138217"}],"curies":[{"name":"wp","href":"https:\/\/api.w.org\/{rel}","templated":true}]}}