{"id":138300,"date":"2025-08-06T05:44:22","date_gmt":"2025-08-06T11:44:22","guid":{"rendered":"https:\/\/diariodigitalmx.com\/?p=138300"},"modified":"2025-08-06T08:19:56","modified_gmt":"2025-08-06T14:19:56","slug":"la-barra-fondeada-de-ambicion","status":"publish","type":"post","link":"https:\/\/diariodigitalmx.com\/index.php\/2025\/08\/06\/la-barra-fondeada-de-ambicion\/","title":{"rendered":"La barra fondeada de ambici\u00f3n"},"content":{"rendered":"\n<p>Gerson G\u00f3mez Salas<\/p>\n\n\n\n<p>Estamos a algunas d\u00e9cadas de la autosuficiencia nacional. Ni siquiera en combustibles f\u00f3siles. Mucho menos en la alimentaci\u00f3n. Nuestro campo constantemente saqueado por las c\u00e9lulas del crimen organizado.<\/p>\n\n\n\n<p>Sembramos lim\u00f3n, tomate y aguacate para exportar. Michoac\u00e1n de brechas, ca\u00f1adas y poblaci\u00f3n en garras hasta de los polic\u00edas comunitarios. Los rescoldos del grupo de la Familia absorbidos por sus sanguinarios vecinos de Jalisco.<\/p>\n\n\n\n<p>La complejidad del entramado social, de usos y costumbres, afectan cualquier protocolo, presupuesto y programa social.<\/p>\n\n\n\n<p>Al presidente Trump le interesa romper el veto impuesto en el anterior sexenio, de Andr\u00e9s Manuel L\u00f3pez Obrador.<\/p>\n\n\n\n<p>Los cuatro granos favoritos de la dieta cotidiana del pa\u00eds est\u00e1n fuera del tratado de libre comercio.<\/p>\n\n\n\n<p>Monsanto, el laboratorio de modificaci\u00f3n gen\u00e9tica para cultivo, saborea expandir hacia el sur, la venta de granos y fertilizantes.<\/p>\n\n\n\n<p>Usar las semillas de la industria cient\u00edfica contaminar\u00e1 las l\u00fagubres parcelas. Aquellas milpas humildes, de frijol y ma\u00edz, de temporal si las lluvias, la virgen y San Judas Tadeo env\u00edan el agua del cielo.<\/p>\n\n\n\n<p>Trump protege a sus grandes inversionistas. Del derecho de picaporte en la Sala Oval. Ya es momento de presionar a la presidente Claudia Sheinbaum. Quitar las mascaras de los secretarios colaboradores de Washington.<\/p>\n\n\n\n<p>Sobresale much\u00edsimo la figura de Marcelo Ebrard. El excanciller y ahora responsable de Econom\u00eda, presenta trabajos sobre posibles escenarios catastrofistas. De cumplir las prof\u00e9ticas medidas.<\/p>\n\n\n\n<p>El alza de impuestos a los productos mexicanos destrozar\u00e1 los pocos ejidos productivos. Fuera la careta de Ebrard.<\/p>\n\n\n\n<p>Debemos, como lo hace Trump, abrazar el autoconsumo y la econom\u00eda solidaria.<\/p>\n\n\n\n<p>De otra manera, el big shark le dar\u00e1 una patada a su servil remora. Enviando a millones de campesinos mexicanos a la extinci\u00f3n definitiva.<\/p>\n","protected":false},"excerpt":{"rendered":"<p>Gerson G\u00f3mez Salas Estamos a algunas d\u00e9cadas de la autosuficiencia nacional. Ni siquiera en combustibles f\u00f3siles. Mucho menos en la alimentaci\u00f3n. Nuestro campo constantemente saqueado por las c\u00e9lulas del crimen organizado. Sembramos lim\u00f3n, tomate y aguacate para exportar. Michoac\u00e1n de brechas, ca\u00f1adas y poblaci\u00f3n en garras hasta de los polic\u00edas comunitarios. Los rescoldos del grupo [&hellip;]<\/p>\n","protected":false},"author":1,"featured_media":138308,"comment_status":"open","ping_status":"open","sticky":false,"template":"","format":"standard","meta":{"footnotes":""},"categories":[12],"tags":[],"_links":{"self":[{"href":"https:\/\/diariodigitalmx.com\/index.php\/wp-json\/wp\/v2\/posts\/138300"}],"collection":[{"href":"https:\/\/diariodigitalmx.com\/index.php\/wp-json\/wp\/v2\/posts"}],"about":[{"href":"https:\/\/diariodigitalmx.com\/index.php\/wp-json\/wp\/v2\/types\/post"}],"author":[{"embeddable":true,"href":"https:\/\/diariodigitalmx.com\/index.php\/wp-json\/wp\/v2\/users\/1"}],"replies":[{"embeddable":true,"href":"https:\/\/diariodigitalmx.com\/index.php\/wp-json\/wp\/v2\/comments?post=138300"}],"version-history":[{"count":1,"href":"https:\/\/diariodigitalmx.com\/index.php\/wp-json\/wp\/v2\/posts\/138300\/revisions"}],"predecessor-version":[{"id":138301,"href":"https:\/\/diariodigitalmx.com\/index.php\/wp-json\/wp\/v2\/posts\/138300\/revisions\/138301"}],"wp:featuredmedia":[{"embeddable":true,"href":"https:\/\/diariodigitalmx.com\/index.php\/wp-json\/wp\/v2\/media\/138308"}],"wp:attachment":[{"href":"https:\/\/diariodigitalmx.com\/index.php\/wp-json\/wp\/v2\/media?parent=138300"}],"wp:term":[{"taxonomy":"category","embeddable":true,"href":"https:\/\/diariodigitalmx.com\/index.php\/wp-json\/wp\/v2\/categories?post=138300"},{"taxonomy":"post_tag","embeddable":true,"href":"https:\/\/diariodigitalmx.com\/index.php\/wp-json\/wp\/v2\/tags?post=138300"}],"curies":[{"name":"wp","href":"https:\/\/api.w.org\/{rel}","templated":true}]}}