{"id":138309,"date":"2025-08-06T19:19:48","date_gmt":"2025-08-07T01:19:48","guid":{"rendered":"https:\/\/diariodigitalmx.com\/?p=138309"},"modified":"2025-08-06T19:24:25","modified_gmt":"2025-08-07T01:24:25","slug":"sellan-4t-nortena-y-udem-convenio-para-impulsar-un-gobierno-de-excelencia","status":"publish","type":"post","link":"https:\/\/diariodigitalmx.com\/index.php\/2025\/08\/06\/sellan-4t-nortena-y-udem-convenio-para-impulsar-un-gobierno-de-excelencia\/","title":{"rendered":"Sellan 4T Norte\u00f1a y UDEM convenio para impulsar un gobierno de excelencia"},"content":{"rendered":"\n<p>Escobedo se convirti\u00f3 en el primer municipio en firmar una alianza con la Universidad de Monterrey (UDEM) para profesionalizar a sus servidores p\u00fablicos, sentando un precedente a nivel estatal, alianza que busca construir un Gobierno de excelencia que est\u00e9 a la altura de los ciudadanos.<\/p>\n\n\n\n<p>El Alcalde Andr\u00e9s Mijes, y el Rector de la Universidad de Monterrey, Mario P\u00e1ez, signaron esta alianza estrat\u00e9gica que permitir\u00e1 a los servidores p\u00fablicos de Escobedo acceder a becas para continuar su formaci\u00f3n profesional en \u00e1reas clave para el desarrollo municipal.<\/p>\n\n\n\n<p>El Edil agradeci\u00f3 el respaldo institucional de la UDEM y reconoci\u00f3 su compromiso con el proyecto de transformaci\u00f3n que impulsa la 4T Norte\u00f1a, un modelo de gobierno humanista, profesional y enfocado en resultados.<\/p>\n\n\n\n<p>\u201cHoy firmamos un convenio que refleja lo mejor de lo que s\u00ed somos capaces de construir cuando se suman voluntades con visi\u00f3n de futuro y con visi\u00f3n de Estado.<\/p>\n\n\n\n<p>\u201cCon este convenio se trata de poner al frente una visi\u00f3n de ciudad, de gobierno y de transformaci\u00f3n al estilo Nuevo Le\u00f3n, que entiende que un municipio se construye con personas mejor preparadas, con servidores p\u00fablicos que no improvisan\u201d, expres\u00f3 Mijes.<\/p>\n\n\n\n<figure class=\"wp-block-image size-large\"><img loading=\"lazy\" decoding=\"async\" width=\"1024\" height=\"672\" src=\"https:\/\/diariodigitalmx.com\/wp-content\/uploads\/2025\/08\/L1000982-2-1024x672.jpg\" alt=\"\" class=\"wp-image-138313\" srcset=\"https:\/\/diariodigitalmx.com\/wp-content\/uploads\/2025\/08\/L1000982-2-1024x672.jpg 1024w, https:\/\/diariodigitalmx.com\/wp-content\/uploads\/2025\/08\/L1000982-2-300x197.jpg 300w, https:\/\/diariodigitalmx.com\/wp-content\/uploads\/2025\/08\/L1000982-2-768x504.jpg 768w, https:\/\/diariodigitalmx.com\/wp-content\/uploads\/2025\/08\/L1000982-2-1536x1008.jpg 1536w, https:\/\/diariodigitalmx.com\/wp-content\/uploads\/2025\/08\/L1000982-2-2048x1344.jpg 2048w\" sizes=\"(max-width: 1024px) 100vw, 1024px\" \/><\/figure>\n\n\n\n<p>Mijes precis\u00f3 que cuando una administraci\u00f3n p\u00fablica est\u00e1 integrada por mujeres y hombres que entienden que gobernar no es figurar, sino servir, entonces se construyen gobiernos eficaces.<\/p>\n\n\n\n<p>Por su parte, el Rector de la UDEM Mario P\u00e1ez celebr\u00f3 esta sinergia y se\u00f1al\u00f3 que es una oportunidad \u00fanica para sentar precedentes en la formaci\u00f3n de gobiernos eficientes.<\/p>\n\n\n\n<p>\u201cYo quiero felicitar al Alcalde (Andr\u00e9s Mijes) porque esta iniciativa es \u00fanica, es la primera vez que realizamos esta sinergia con un municipio\u201d.<\/p>\n\n\n\n<p>\u201cEs muy loable y yo quiero felicitar al alcalde y yo le voy a dar un aplauso por esta iniciativa. Aqu\u00ed en la UDEM estamos convencidos de que apoyar la formaci\u00f3n y la educaci\u00f3n continua es una de las v\u00edas m\u00e1s directas que hay y sostenibles para contribuir a un mejor futuro para nuestras comunidades\u201d, expres\u00f3 P\u00e1ez.<\/p>\n\n\n\n<p>La sinergia entre la UDEM y la 4T Norte\u00f1a fortalecer\u00e1 el rumbo de Escobedo, apuntalando su consolidaci\u00f3n como uno de los polos de inversi\u00f3n m\u00e1s importantes de Nuevo Le\u00f3n, donde la seguridad y el desarrollo son ya referentes estatales por sus resultados positivos.<\/p>\n\n\n\n<p>Esta alianza, explic\u00f3 Mijes, elevar\u00e1 el nivel de preparaci\u00f3n de quienes sirven al municipio, formando perfiles con visi\u00f3n de Estado, compromiso social y enfoque t\u00e9cnico, listos para enfrentar los desaf\u00edos actuales y futuros de Escobedo y la zona metropolitana.<\/p>\n\n\n\n<p>El objetivo final es consolidar una red de Transformadores Norte\u00f1os con vocaci\u00f3n p\u00fablica, capacidad t\u00e9cnica y un profundo sentido humano, que puedan dar direcci\u00f3n al crecimiento justo y equitativo que impulsa la 4T Norte\u00f1a y llevar a la pr\u00e1ctica los principios establecidos por la Presidenta Claudia Sheinbaum Pardo en el Plan M\u00e9xico.<\/p>\n","protected":false},"excerpt":{"rendered":"<p>Escobedo se convirti\u00f3 en el primer municipio en firmar una alianza con la Universidad de Monterrey (UDEM) para profesionalizar a sus servidores p\u00fablicos, sentando un precedente a nivel estatal, alianza que busca construir un Gobierno de excelencia que est\u00e9 a la altura de los ciudadanos. El Alcalde Andr\u00e9s Mijes, y el Rector de la Universidad [&hellip;]<\/p>\n","protected":false},"author":1,"featured_media":138311,"comment_status":"open","ping_status":"open","sticky":false,"template":"","format":"standard","meta":{"footnotes":""},"categories":[6],"tags":[],"_links":{"self":[{"href":"https:\/\/diariodigitalmx.com\/index.php\/wp-json\/wp\/v2\/posts\/138309"}],"collection":[{"href":"https:\/\/diariodigitalmx.com\/index.php\/wp-json\/wp\/v2\/posts"}],"about":[{"href":"https:\/\/diariodigitalmx.com\/index.php\/wp-json\/wp\/v2\/types\/post"}],"author":[{"embeddable":true,"href":"https:\/\/diariodigitalmx.com\/index.php\/wp-json\/wp\/v2\/users\/1"}],"replies":[{"embeddable":true,"href":"https:\/\/diariodigitalmx.com\/index.php\/wp-json\/wp\/v2\/comments?post=138309"}],"version-history":[{"count":2,"href":"https:\/\/diariodigitalmx.com\/index.php\/wp-json\/wp\/v2\/posts\/138309\/revisions"}],"predecessor-version":[{"id":138314,"href":"https:\/\/diariodigitalmx.com\/index.php\/wp-json\/wp\/v2\/posts\/138309\/revisions\/138314"}],"wp:featuredmedia":[{"embeddable":true,"href":"https:\/\/diariodigitalmx.com\/index.php\/wp-json\/wp\/v2\/media\/138311"}],"wp:attachment":[{"href":"https:\/\/diariodigitalmx.com\/index.php\/wp-json\/wp\/v2\/media?parent=138309"}],"wp:term":[{"taxonomy":"category","embeddable":true,"href":"https:\/\/diariodigitalmx.com\/index.php\/wp-json\/wp\/v2\/categories?post=138309"},{"taxonomy":"post_tag","embeddable":true,"href":"https:\/\/diariodigitalmx.com\/index.php\/wp-json\/wp\/v2\/tags?post=138309"}],"curies":[{"name":"wp","href":"https:\/\/api.w.org\/{rel}","templated":true}]}}