{"id":138401,"date":"2025-08-10T17:31:23","date_gmt":"2025-08-10T23:31:23","guid":{"rendered":"https:\/\/diariodigitalmx.com\/?p=138401"},"modified":"2025-08-10T17:32:54","modified_gmt":"2025-08-10T23:32:54","slug":"chedraui-debut-y-despedida","status":"publish","type":"post","link":"https:\/\/diariodigitalmx.com\/index.php\/2025\/08\/10\/chedraui-debut-y-despedida\/","title":{"rendered":"Chedraui, debut y despedida"},"content":{"rendered":"\n<p>Por Manuel CARMONA<\/p>\n\n\n\n<p>Como es natural, a un a\u00f1o y medio para las definiciones , la fren\u00e9tica danza de los nombres&nbsp; de quienes aspiran a participar en los procesos internos de los partidos pol\u00edticos para las candidaturas a la Alcald\u00eda de la capital en el 2027, inici\u00f3 hace meses y la lista es bastante larga.<\/p>\n\n\n\n<p>Dudo que se a\u00f1adan m\u00e1s nombres de los que ya suenan en este momento, m\u00e1s bien creo que&nbsp; la lista comenzar\u00e1 a depurarse gradualmente conforme pase el tiempo.<\/p>\n\n\n\n<p>En el recorrido muchos se ir\u00e1n quedando por fatiga, otros se ir\u00e1n tropezando solos, a otros les meter\u00e1n el pie y varios de los que ahorita se sienten muy ufanos y seguros, quien sabe si podr\u00e1n llegar hasta la recta final, una vez que se vayan definiendo las reglas de la competencia interna, por ejemplo: el g\u00e9nero de las candidaturas o alg\u00fan otro requisito y eso genera un reacomodo autom\u00e1tico del tablero pol\u00edtico local.<\/p>\n\n\n\n<p>Hay nombres que se mencionaron inicialmente y seguramente lo seguir\u00e1n haciendo, pero&nbsp; a medida que vaya transcurriendo el tiempo , se vayan aclarando las cosas y analizando con m\u00e1s detenimiento el escenario, ya podemos vislumbrar que han quedado fuera de la contienda, como es el caso del actual Alcalde de la capital Pepe Chedraui, que muchos lo vimos como un aspirante natural e incluso con derecho de prelaci\u00f3n para buscar la reelecci\u00f3n.<\/p>\n\n\n\n<p>Pero independientemente de su muy cuestionado desempe\u00f1o en el municipio, que se puede palpar en un constante reclamo generalizado, por el estado que guardan las calles, la privatizaci\u00f3n de los espacios p\u00fablicos y la creciente INSEGURIDAD hoy desbordada, que son elementos que ya ponen en serio riesgo la permanencia de Morena en el gobierno de la ciudad, ya existen adem\u00e1s impedimentos pol\u00edticos que hacen totalmente INVIABLE su posible candidatura por las siguientes razones:<\/p>\n\n\n\n<p>1.- En un primer momento hemos pasado por alto que el primero de abril del a\u00f1o en curso se public\u00f3 en el Diario Oficial de la Federaci\u00f3n, el decreto por medio del cual fueron reformados y adicionados los art\u00edculos 55, 59, 82, 115, 116 y 122 de la Constituci\u00f3n Pol\u00edtica de los Estados Unidos Mexicanos en materia de NO REELECCION y NEPOTISMO ELECTORAL., cuya entrada en vigor fue a partir del d\u00eda siguiente, el 2 de abril del 2025.<\/p>\n\n\n\n<p>Lo que esta bater\u00eda de reformas constitucionales proh\u00edbe, es la reelecci\u00f3n inmediata en las candidaturas para Diputados Federales, Senadur\u00edas, Presidencia de la Rep\u00fablica, Gubernaturas, Diputaciones locales, Presidencias Municipales, Regidur\u00edas, Sindicaturas, Jefatura de Gobierno, Alcald\u00edas y Concejal\u00edas.<\/p>\n\n\n\n<p>Tambi\u00e9n considera que&nbsp; los Diputados Federales y Senadores que hayan&nbsp; tenido el car\u00e1cter de SUPLENTE, podr\u00edan (si sus partidos as\u00ed lo deciden de manera interna)&nbsp; ser elegidos para el periodo inmediato ya como candidatos PROPIETARIOS, siempre y cuando nunca hubieren estado en ejercicio, no obstante las personas que se hubieren desempe\u00f1ado como propietarias por ning\u00fan motivo podr\u00e1n ser electas para el periodo 2027-2030 como suplentes.<\/p>\n\n\n\n<p>Entorno al denominado \u201cnepotismo electoral\u201d se estableci\u00f3 como un requisito que las personas que busquen participar para un cargo de elecci\u00f3n popular, no tengan o hayan tenido en los \u00faltimos tres a\u00f1os anteriores al d\u00eda de la elecci\u00f3n, un v\u00ednculo de matrimonio, concubinato, o uni\u00f3n de hecho, o de parentesco por consaguinidad \u00f3 civil en l\u00ednea recta sin limitaci\u00f3n de grado y en l\u00ednea colateral hasta el cuarto grado de afinidad.<\/p>\n\n\n\n<p>Ante estos nuevos candados que fueron agregados a nuestra Constituci\u00f3n, los Diputados y Senadores, agregaron un art\u00edculo transitorio en el cual se dispuso que estas restricciones entrar\u00edan en vigor para los procesos electorales, tanto federales como locales pero hasta las elecciones del 2030, a fin de no descarrilar los proyectos pol\u00edticos ya en curso en varios estados de la rep\u00fablica por el mismo partido en el poder y sus aliados pol\u00edticos, lo cual no fue para nada del agrado de la inquilina del Palacio Nacional.<\/p>\n\n\n\n<p>2.- En respuesta a esta maniobra para acatar \u201ca medias\u201d la voluntad presidencial, se convoc\u00f3 de inmediato al s\u00e9ptimo congreso nacional extraordinario de Morena, donde qued\u00f3 estipulado que independientemente de lo dispuesto en el texto constitucional sobre la no reelecci\u00f3n y el nepotismo que entra en vigor hasta el 2030, al interior del Movimiento de Regeneraci\u00f3n Nacional las citadas restricciones ya SE APLICARAN PARA LOS PROCESOS INTERNOS DEL 2027, lo que trae como consecuencia un alud de damnificados pol\u00edticos en todo el pa\u00eds, porque se alteran de tajo TODOS LOS PROYECTOS SUCESORIOS entre ellos el de la ciudad de Puebla, donde se queda sin ninguna oportunidad de participar dentro de Morena el actual Alcalde Pepe Chedraui.<\/p>\n\n\n\n<p>Desde luego que todav\u00eda le queda la salida de participar buscando la postulaci\u00f3n por otro partido aliado, pero eso significa que tendr\u00eda que contender para vencer al candidato de Morena a la Alcald\u00eda, con que discurso lo har\u00eda? Cu\u00e1l ser\u00eda su bandera? Tendr\u00eda que enfrentar al candidato del Gobernador Alejandro Armenta. Suena complicado verdad? No creo que lo haga.<\/p>\n\n\n\n<p>Por esa raz\u00f3n considero que Pepe Chedraui es un EXITOSISIMO EMPRESARIO pero tendr\u00e1 un ef\u00edmero paso por la pol\u00edtica real y la Alcald\u00eda de Puebla fue su debut y despedida.<\/p>\n\n\n\n<p>Para concluir, lo que tambi\u00e9n ya es definitivo es que la reforma constitucional en materia de nepotismo que entra en vigor en el futuro, tiene efectos en el PRESENTE, tambi\u00e9n deja fuera en autom\u00e1tico al hoy Senador de la Rep\u00fablica Ignacio Mier, primo del Gobernador Alejandro Armenta Mier, quien ya no podr\u00e1 participar como candidato de NINGUN PARTIDO a la gubernatura, al menos en el 2030.<\/p>\n\n\n\n<p>* El autor es abogado, escritor y analista pol\u00edtico.<\/p>\n","protected":false},"excerpt":{"rendered":"<p>Por Manuel CARMONA Como es natural, a un a\u00f1o y medio para las definiciones , la fren\u00e9tica danza de los nombres&nbsp; de quienes aspiran a participar en los procesos internos de los partidos pol\u00edticos para las candidaturas a la Alcald\u00eda de la capital en el 2027, inici\u00f3 hace meses y la lista es bastante larga. [&hellip;]<\/p>\n","protected":false},"author":1,"featured_media":137165,"comment_status":"open","ping_status":"open","sticky":false,"template":"","format":"standard","meta":{"footnotes":""},"categories":[12],"tags":[],"_links":{"self":[{"href":"https:\/\/diariodigitalmx.com\/index.php\/wp-json\/wp\/v2\/posts\/138401"}],"collection":[{"href":"https:\/\/diariodigitalmx.com\/index.php\/wp-json\/wp\/v2\/posts"}],"about":[{"href":"https:\/\/diariodigitalmx.com\/index.php\/wp-json\/wp\/v2\/types\/post"}],"author":[{"embeddable":true,"href":"https:\/\/diariodigitalmx.com\/index.php\/wp-json\/wp\/v2\/users\/1"}],"replies":[{"embeddable":true,"href":"https:\/\/diariodigitalmx.com\/index.php\/wp-json\/wp\/v2\/comments?post=138401"}],"version-history":[{"count":1,"href":"https:\/\/diariodigitalmx.com\/index.php\/wp-json\/wp\/v2\/posts\/138401\/revisions"}],"predecessor-version":[{"id":138402,"href":"https:\/\/diariodigitalmx.com\/index.php\/wp-json\/wp\/v2\/posts\/138401\/revisions\/138402"}],"wp:featuredmedia":[{"embeddable":true,"href":"https:\/\/diariodigitalmx.com\/index.php\/wp-json\/wp\/v2\/media\/137165"}],"wp:attachment":[{"href":"https:\/\/diariodigitalmx.com\/index.php\/wp-json\/wp\/v2\/media?parent=138401"}],"wp:term":[{"taxonomy":"category","embeddable":true,"href":"https:\/\/diariodigitalmx.com\/index.php\/wp-json\/wp\/v2\/categories?post=138401"},{"taxonomy":"post_tag","embeddable":true,"href":"https:\/\/diariodigitalmx.com\/index.php\/wp-json\/wp\/v2\/tags?post=138401"}],"curies":[{"name":"wp","href":"https:\/\/api.w.org\/{rel}","templated":true}]}}