{"id":138425,"date":"2025-08-11T11:27:55","date_gmt":"2025-08-11T17:27:55","guid":{"rendered":"https:\/\/diariodigitalmx.com\/?p=138425"},"modified":"2025-08-11T11:38:53","modified_gmt":"2025-08-11T17:38:53","slug":"respalda-rocio-montalvo-exigencia-de-solucion-de-usuarios-de-juarez-tras-colapso-de-ruta-68","status":"publish","type":"post","link":"https:\/\/diariodigitalmx.com\/index.php\/2025\/08\/11\/respalda-rocio-montalvo-exigencia-de-solucion-de-usuarios-de-juarez-tras-colapso-de-ruta-68\/","title":{"rendered":"Respalda Roc\u00edo Montalvo exigencia de usuarios de Ju\u00e1rez, tras colapso de Ruta 68"},"content":{"rendered":"\n<p><strong>Ju\u00e1rez, N.L. &nbsp;\u2014 Con pancartas en mano y la frustraci\u00f3n de meses de abandono, decenas de vecinos de las colonias Praderas de San Juan, Valle de Santa Isabel, Urbi Villa del Real y San Crist\u00f3bal tomaron la avenida Madrid en la entrada de Praderas de San Juan para protestar contra el p\u00e9simo servicio de la Ruta 68, que opera con unidades en condiciones deplorables.<\/strong><\/p>\n\n\n\n<p><strong>Mientras los manifestantes bloqueaban intermitentemente el acceso a la colonia, su enojo crec\u00eda al ver que ni el alcalde F\u00e9lix Arratia ni el gobernador Samuel Garc\u00eda \u2013ambos de Movimiento Ciudadano\u2013 no accedieron a la invitaci\u00f3n que se les hizo para hacerse presentes y escuchar sus demandas.<\/strong><\/p>\n\n\n\n<figure class=\"wp-block-image size-large\"><img loading=\"lazy\" decoding=\"async\" width=\"1024\" height=\"576\" src=\"https:\/\/diariodigitalmx.com\/wp-content\/uploads\/2025\/08\/IMG-20250808-WA0292-1024x576.jpg\" alt=\"\" class=\"wp-image-138429\" srcset=\"https:\/\/diariodigitalmx.com\/wp-content\/uploads\/2025\/08\/IMG-20250808-WA0292-1024x576.jpg 1024w, https:\/\/diariodigitalmx.com\/wp-content\/uploads\/2025\/08\/IMG-20250808-WA0292-300x169.jpg 300w, https:\/\/diariodigitalmx.com\/wp-content\/uploads\/2025\/08\/IMG-20250808-WA0292-768x432.jpg 768w, https:\/\/diariodigitalmx.com\/wp-content\/uploads\/2025\/08\/IMG-20250808-WA0292-1536x864.jpg 1536w, https:\/\/diariodigitalmx.com\/wp-content\/uploads\/2025\/08\/IMG-20250808-WA0292.jpg 1600w\" sizes=\"(max-width: 1024px) 100vw, 1024px\" \/><\/figure>\n\n\n\n<p><strong>Sin embargo, la \u00fanica servidora p\u00fablica que se hizo presente fue la diputada Roc\u00edo Montalvo \u2013diputada independiente\u2013 quien lleg\u00f3 para respaldar a los ciudadanos y denunciar la red de complicidad que mantiene este problema sin soluci\u00f3n.<\/strong><\/p>\n\n\n\n<p>&#8220;Acudo al llamado de los vecinos porque me parece muy importante respaldarlos, pues ellos me eligieron como su diputada&#8221;, declar\u00f3 Montalvo, quien renunci\u00f3 a Movimiento Ciudadano en el mes de junio pasado, recordando que su decisi\u00f3n se debi\u00f3 precisamente a la imposibilidad de se\u00f1alar estos abusos desde dentro del partido.<\/p>\n\n\n\n<p>&#8220;Sab\u00edan bien que no me quedar\u00eda callada ante estas injusticias&#8221;, a\u00f1adi\u00f3, mientras los manifestantes coreaban consignas contra la administraci\u00f3n municipal y estatal.<\/p>\n\n\n\n<figure class=\"wp-block-image size-large\"><img loading=\"lazy\" decoding=\"async\" width=\"1024\" height=\"682\" src=\"https:\/\/diariodigitalmx.com\/wp-content\/uploads\/2025\/08\/IMG-20250808-WA0296-1024x682.jpg\" alt=\"\" class=\"wp-image-138430\" srcset=\"https:\/\/diariodigitalmx.com\/wp-content\/uploads\/2025\/08\/IMG-20250808-WA0296-1024x682.jpg 1024w, https:\/\/diariodigitalmx.com\/wp-content\/uploads\/2025\/08\/IMG-20250808-WA0296-300x200.jpg 300w, https:\/\/diariodigitalmx.com\/wp-content\/uploads\/2025\/08\/IMG-20250808-WA0296-768x512.jpg 768w, https:\/\/diariodigitalmx.com\/wp-content\/uploads\/2025\/08\/IMG-20250808-WA0296-1536x1023.jpg 1536w, https:\/\/diariodigitalmx.com\/wp-content\/uploads\/2025\/08\/IMG-20250808-WA0296.jpg 1600w\" sizes=\"(max-width: 1024px) 100vw, 1024px\" \/><\/figure>\n\n\n\n<p>El problema de la Ruta 68 es grave y multifac\u00e9tico: el 100% de las unidades circula con los sistemas de aire acondicionado apagados \u2013los choferes, pidiendo el anonimato por temor a represalias laborales, admiten que reciben \u00f3rdenes de no encenderlos para &#8220;ahorrar combustible&#8221;\u2013, violando as\u00ed las regulaciones de ley. A esto se suma que la frecuencia de paso supera con creces los 15 minutos establecidos, dejando a los usuarios esperando bajo el inclemente sol nuevoleon\u00e9s.<\/p>\n\n\n\n<p>&nbsp;Pero quiz\u00e1 lo m\u00e1s indignante es que, desde hace m\u00e1s de a\u00f1o y medio, la opci\u00f3n para registrar a estudiantes, adultos mayores y personas con discapacidad en el sistema de tarifa preferencial sigue deshabilitada en la app Urbani y no existe un mecanismo r\u00e1pido y eficaz para obtenerla si se usa la tarjeta Me Muevo, un derecho establecido en el Art\u00edculo 70 fracci\u00f3n III de la Ley de Movilidad que el gobierno estatal simplemente ignora.<\/p>\n\n\n\n<p>El sentir de los vecinos es de profunda indignaci\u00f3n. Ana Mar\u00eda, residente de Urbi Villa, comparti\u00f3 su frustraci\u00f3n: &#8220;Por la falta de la tarifa preferencial, mis dos hijos que est\u00e1n en preparatoria tienen que pagar aproximadamente 1,400 pesos m\u00e1s al mes por transporte. Es un golpe fuerte a nuestra econom\u00eda familiar&#8221;.<\/p>\n\n\n\n<p>Por su parte, Tom\u00e1s Ruiz, persona con discapacidad motriz parcial, denunci\u00f3 el engorroso proceso para obtener su derecho: &#8220;Me dijeron que para registrar mi tarjeta Me Muevo con la tarifa preferencial deb\u00eda llamar a un tel\u00e9fono para hacer cita. Llevo tres meses esperando y me comentaron que solo tienen capacidad para dar 30 citas al d\u00eda. Es una burla&#8221;.<\/p>\n\n\n\n<p>Durante la protesta, la diputada Montalvo revel\u00f3 que ya hab\u00eda hablado con el gobernador Samuel Garc\u00eda para solicitar que no se eliminara el ramal Praderas-Alameda, tal como lo solicitan los vecinos residentes de la zona, por ser vital para sus traslados diarios. &#8220;El compromiso es revisar este asunto&#8221;, afirm\u00f3, aunque los vecinos, esc\u00e9pticos por experiencia, advirtieron que de no haber soluciones concretas en los pr\u00f3ximos d\u00edas, llevar\u00edan su protesta directamente a Palacio de Gobierno.<\/p>\n\n\n\n<p>El trasfondo pol\u00edtico del conflicto es innegable, pues la Ruta 68 pertenece al alcalde de Pesquer\u00eda, Francisco &#8220;Cisco&#8221; Esquivel, \u00a0\u00a0\u00a0\u00a0\u00a0\u00a0\u00a0\u00a0\u00a0 tambi\u00e9n \u00a0\u00a0\u00a0\u00a0\u00a0\u00a0\u00a0\u00a0\u00a0\u00a0\u00a0 militante \u00a0\u00a0\u00a0\u00a0\u00a0\u00a0 de Movimiento Ciudadano, lo que explica por qu\u00e9 ni Arratia ni Garc\u00eda han tomado medidas contundentes \u00a0\u00a0 contra \u00a0\u00a0\u00a0\u00a0\u00a0\u00a0\u00a0 las irregularidades. &#8220;Es \u00a0\u00a0\u00a0\u00a0\u00a0 una \u00a0\u00a0\u00a0\u00a0\u00a0 red \u00a0\u00a0\u00a0\u00a0\u00a0\u00a0de complicidad que \u00a0\u00a0perjudica \u00a0\u00a0a \u00a0\u00a0los ciudadanos&#8221;, \u00a0denunci\u00f3 \u00a0Montalvo, mientras los manifestantes coreaban consignas contra lo que califican como un &#8220;c\u00e1rtel del transporte&#8221; protegido por el partido en el poder.<\/p>\n\n\n\n<p>A pesar de que se han sumado unidades verdes del programa Muevo Le\u00f3n a la Ruta 68, estas unidades est\u00e1n en malas condiciones f\u00edsicas, mec\u00e1nicas y el\u00e9ctricas. Adem\u00e1s, el plan propuesto de reestructura del recorrido es ineficiente e inoperante, pues se fusionar\u00e1n ramales que solo empeorar\u00e1n la disponibilidad de cupo en las horas pico, afectando a\u00fan m\u00e1s a los usuarios que ya sufren el servicio deficiente.<\/p>\n\n\n\n<figure class=\"wp-block-image size-large\"><img loading=\"lazy\" decoding=\"async\" width=\"1024\" height=\"576\" src=\"https:\/\/diariodigitalmx.com\/wp-content\/uploads\/2025\/08\/IMG-20250808-WA0293-1024x576.jpg\" alt=\"\" class=\"wp-image-138433\" srcset=\"https:\/\/diariodigitalmx.com\/wp-content\/uploads\/2025\/08\/IMG-20250808-WA0293-1024x576.jpg 1024w, https:\/\/diariodigitalmx.com\/wp-content\/uploads\/2025\/08\/IMG-20250808-WA0293-300x169.jpg 300w, https:\/\/diariodigitalmx.com\/wp-content\/uploads\/2025\/08\/IMG-20250808-WA0293-768x432.jpg 768w, https:\/\/diariodigitalmx.com\/wp-content\/uploads\/2025\/08\/IMG-20250808-WA0293-1536x864.jpg 1536w, https:\/\/diariodigitalmx.com\/wp-content\/uploads\/2025\/08\/IMG-20250808-WA0293.jpg 1600w\" sizes=\"(max-width: 1024px) 100vw, 1024px\" \/><\/figure>\n\n\n\n<p>Quienes tambi\u00e9n se hicieron presentes en la manifestaci\u00f3n c\u00edvica fueron dos unidades de la Polic\u00eda Municipal de Ju\u00e1rez, con elementos encapuchados portando armas largas, quienes fueron recibidos con consignas. \u201cAhorita aqu\u00ed s\u00ed vienen de inmediato, pero no sea en la noche o madrugada cuando reportamos delitos o pedimos su auxilio ah\u00ed ni sus luces\u201d, se quej\u00f3 Isabel Vel\u00e1zquez habitante de la colonia.&nbsp;<\/p>\n","protected":false},"excerpt":{"rendered":"<p>Ju\u00e1rez, N.L. &nbsp;\u2014 Con pancartas en mano y la frustraci\u00f3n de meses de abandono, decenas de vecinos de las colonias Praderas de San Juan, Valle de Santa Isabel, Urbi Villa del Real y San Crist\u00f3bal tomaron la avenida Madrid en la entrada de Praderas de San Juan para protestar contra el p\u00e9simo servicio de la [&hellip;]<\/p>\n","protected":false},"author":1,"featured_media":138427,"comment_status":"open","ping_status":"open","sticky":false,"template":"","format":"standard","meta":{"footnotes":""},"categories":[6],"tags":[],"_links":{"self":[{"href":"https:\/\/diariodigitalmx.com\/index.php\/wp-json\/wp\/v2\/posts\/138425"}],"collection":[{"href":"https:\/\/diariodigitalmx.com\/index.php\/wp-json\/wp\/v2\/posts"}],"about":[{"href":"https:\/\/diariodigitalmx.com\/index.php\/wp-json\/wp\/v2\/types\/post"}],"author":[{"embeddable":true,"href":"https:\/\/diariodigitalmx.com\/index.php\/wp-json\/wp\/v2\/users\/1"}],"replies":[{"embeddable":true,"href":"https:\/\/diariodigitalmx.com\/index.php\/wp-json\/wp\/v2\/comments?post=138425"}],"version-history":[{"count":5,"href":"https:\/\/diariodigitalmx.com\/index.php\/wp-json\/wp\/v2\/posts\/138425\/revisions"}],"predecessor-version":[{"id":138436,"href":"https:\/\/diariodigitalmx.com\/index.php\/wp-json\/wp\/v2\/posts\/138425\/revisions\/138436"}],"wp:featuredmedia":[{"embeddable":true,"href":"https:\/\/diariodigitalmx.com\/index.php\/wp-json\/wp\/v2\/media\/138427"}],"wp:attachment":[{"href":"https:\/\/diariodigitalmx.com\/index.php\/wp-json\/wp\/v2\/media?parent=138425"}],"wp:term":[{"taxonomy":"category","embeddable":true,"href":"https:\/\/diariodigitalmx.com\/index.php\/wp-json\/wp\/v2\/categories?post=138425"},{"taxonomy":"post_tag","embeddable":true,"href":"https:\/\/diariodigitalmx.com\/index.php\/wp-json\/wp\/v2\/tags?post=138425"}],"curies":[{"name":"wp","href":"https:\/\/api.w.org\/{rel}","templated":true}]}}