{"id":138438,"date":"2025-08-11T14:01:42","date_gmt":"2025-08-11T20:01:42","guid":{"rendered":"https:\/\/diariodigitalmx.com\/?p=138438"},"modified":"2025-08-11T14:07:32","modified_gmt":"2025-08-11T20:07:32","slug":"escobedo-refuerza-servicio-publicos-para-seguir-poniendose-guapo","status":"publish","type":"post","link":"https:\/\/diariodigitalmx.com\/index.php\/2025\/08\/11\/escobedo-refuerza-servicio-publicos-para-seguir-poniendose-guapo\/","title":{"rendered":"Escobedo refuerza servicio p\u00fablicos para seguir &#8220;poni\u00e9ndose guapo&#8221;"},"content":{"rendered":"\n<figure class=\"wp-block-image size-large\"><img loading=\"lazy\" decoding=\"async\" width=\"1024\" height=\"683\" src=\"https:\/\/diariodigitalmx.com\/wp-content\/uploads\/2025\/08\/Q9A7379-1024x683.jpg\" alt=\"\" class=\"wp-image-138441\" srcset=\"https:\/\/diariodigitalmx.com\/wp-content\/uploads\/2025\/08\/Q9A7379-1024x683.jpg 1024w, https:\/\/diariodigitalmx.com\/wp-content\/uploads\/2025\/08\/Q9A7379-300x200.jpg 300w, https:\/\/diariodigitalmx.com\/wp-content\/uploads\/2025\/08\/Q9A7379-768x512.jpg 768w, https:\/\/diariodigitalmx.com\/wp-content\/uploads\/2025\/08\/Q9A7379-1536x1024.jpg 1536w, https:\/\/diariodigitalmx.com\/wp-content\/uploads\/2025\/08\/Q9A7379-2048x1365.jpg 2048w\" sizes=\"(max-width: 1024px) 100vw, 1024px\" \/><\/figure>\n\n\n\n<p>Gracias a los resultados del modelo 4T Norte\u00f1a, Escobedo dio un paso firme para seguir \u201cponi\u00e9ndose guapo\u201d con la entrega de nuevo equipo y maquinaria que fortalecer\u00e1 a la Secretar\u00eda de Servicios P\u00fablicos y mejorar\u00e1 la imagen urbana de la Ciudad.<br>El Alcalde Andr\u00e9s Mijes encabez\u00f3 la ceremonia en la que se formaliz\u00f3 la entrega del equipo, subrayando que con estas acciones se dar\u00e1 una atenci\u00f3n m\u00e1s r\u00e1pida a los reportes ciudadanos y se avanza en el objetivo de que cada familia viva en una Ciudad m\u00e1s limpia, ordenada y digna.<br>&#8220;En la 4T Norte\u00f1a tenemos muy claro que el progreso se construye con dos manos, con la mano derecha, hacemos crecer la econom\u00eda y con la mano izquierda, transformamos esa prosperidad en apoyos, infraestructura y servicios que llegan a la puerta de cada hogar&#8221;, se\u00f1al\u00f3 el Edil desde la Plaza Principal de Escobedo.<br>El nuevo parque vehicular est\u00e1 conformado por 32 nuevas unidades que van desde camiones de volteo, camiones tipo cisterna cuya capacidad es de 10 mil y 5 mil litros, retroexcavadoras, motoniveladoras, camiones de caja extendida, camionetas y un cami\u00f3n con canastilla, consolidando que la transformaci\u00f3n tambi\u00e9n se refleja en servicios p\u00fablicos de calidad.<br>Esta renovaci\u00f3n de maquinaria y veh\u00edculos representa una inversi\u00f3n millonaria, lograda gracias a una Administraci\u00f3n responsable que convierte cada peso en beneficios tangibles para la comunidad.<br>&#8220;Este equipo es para ustedes, para que su labor sea m\u00e1s productiva, m\u00e1s segura y m\u00e1s digna. Para que cuando la gente vea una calle limpia, un parque cuidado o un espacio p\u00fablico en orden, sepa que detr\u00e1s est\u00e1 su esfuerzo y compromiso&#8221;, explic\u00f3 Mijes dirigi\u00e9ndose al personal de Servicios P\u00fablicos.<\/p>\n\n\n\n<figure class=\"wp-block-image size-large\"><img loading=\"lazy\" decoding=\"async\" width=\"1024\" height=\"683\" src=\"https:\/\/diariodigitalmx.com\/wp-content\/uploads\/2025\/08\/Q9A7099-1024x683.jpg\" alt=\"\" class=\"wp-image-138443\" srcset=\"https:\/\/diariodigitalmx.com\/wp-content\/uploads\/2025\/08\/Q9A7099-1024x683.jpg 1024w, https:\/\/diariodigitalmx.com\/wp-content\/uploads\/2025\/08\/Q9A7099-300x200.jpg 300w, https:\/\/diariodigitalmx.com\/wp-content\/uploads\/2025\/08\/Q9A7099-768x512.jpg 768w, https:\/\/diariodigitalmx.com\/wp-content\/uploads\/2025\/08\/Q9A7099-1536x1024.jpg 1536w, https:\/\/diariodigitalmx.com\/wp-content\/uploads\/2025\/08\/Q9A7099-2048x1365.jpg 2048w\" sizes=\"(max-width: 1024px) 100vw, 1024px\" \/><\/figure>\n\n\n\n<p>El Alcalde destac\u00f3 que esta entrega es un ejemplo claro de c\u00f3mo, en la Capital de la Transformaci\u00f3n se hace realidad el Crecimiento Equitativo que impulsa la Presidenta Claudia Sheinbaum Pardo, creciendo con fuerza y compartiendo la prosperidad con justicia para todos.<br>Con esta inversi\u00f3n, Escobedo no solo renueva su capacidad operativa, sino que tambi\u00e9n reafirma su compromiso de mantener espacios urbanos limpios, seguros y ordenados, dignificando el entorno y elevando la calidad de vida de sus habitantes.<br>Bajo el modelo de la 4T Norte\u00f1a, el Municipio contin\u00faa demostrando que la transformaci\u00f3n no es un discurso, sino un trabajo constante que se ve, se siente y se vive en cada rinc\u00f3n de Escobedo.<br>Durante el evento se cont\u00f3 con la presencia de Felipe Canales, Secretario del Ayuntamiento y Manuel Meza, Secretario de Servicios P\u00fablicos.<\/p>\n","protected":false},"excerpt":{"rendered":"<p>Gracias a los resultados del modelo 4T Norte\u00f1a, Escobedo dio un paso firme para seguir \u201cponi\u00e9ndose guapo\u201d con la entrega de nuevo equipo y maquinaria que fortalecer\u00e1 a la Secretar\u00eda de Servicios P\u00fablicos y mejorar\u00e1 la imagen urbana de la Ciudad.El Alcalde Andr\u00e9s Mijes encabez\u00f3 la ceremonia en la que se formaliz\u00f3 la entrega del [&hellip;]<\/p>\n","protected":false},"author":1,"featured_media":138440,"comment_status":"open","ping_status":"open","sticky":false,"template":"","format":"standard","meta":{"footnotes":""},"categories":[6],"tags":[],"_links":{"self":[{"href":"https:\/\/diariodigitalmx.com\/index.php\/wp-json\/wp\/v2\/posts\/138438"}],"collection":[{"href":"https:\/\/diariodigitalmx.com\/index.php\/wp-json\/wp\/v2\/posts"}],"about":[{"href":"https:\/\/diariodigitalmx.com\/index.php\/wp-json\/wp\/v2\/types\/post"}],"author":[{"embeddable":true,"href":"https:\/\/diariodigitalmx.com\/index.php\/wp-json\/wp\/v2\/users\/1"}],"replies":[{"embeddable":true,"href":"https:\/\/diariodigitalmx.com\/index.php\/wp-json\/wp\/v2\/comments?post=138438"}],"version-history":[{"count":2,"href":"https:\/\/diariodigitalmx.com\/index.php\/wp-json\/wp\/v2\/posts\/138438\/revisions"}],"predecessor-version":[{"id":138444,"href":"https:\/\/diariodigitalmx.com\/index.php\/wp-json\/wp\/v2\/posts\/138438\/revisions\/138444"}],"wp:featuredmedia":[{"embeddable":true,"href":"https:\/\/diariodigitalmx.com\/index.php\/wp-json\/wp\/v2\/media\/138440"}],"wp:attachment":[{"href":"https:\/\/diariodigitalmx.com\/index.php\/wp-json\/wp\/v2\/media?parent=138438"}],"wp:term":[{"taxonomy":"category","embeddable":true,"href":"https:\/\/diariodigitalmx.com\/index.php\/wp-json\/wp\/v2\/categories?post=138438"},{"taxonomy":"post_tag","embeddable":true,"href":"https:\/\/diariodigitalmx.com\/index.php\/wp-json\/wp\/v2\/tags?post=138438"}],"curies":[{"name":"wp","href":"https:\/\/api.w.org\/{rel}","templated":true}]}}