{"id":138462,"date":"2025-08-11T22:27:02","date_gmt":"2025-08-12T04:27:02","guid":{"rendered":"https:\/\/diariodigitalmx.com\/?p=138462"},"modified":"2025-08-12T05:42:50","modified_gmt":"2025-08-12T11:42:50","slug":"las-letanias-de-la-continuidad","status":"publish","type":"post","link":"https:\/\/diariodigitalmx.com\/index.php\/2025\/08\/11\/las-letanias-de-la-continuidad\/","title":{"rendered":"Las letan\u00edas de la continuidad"},"content":{"rendered":"\n<p>Gerson G\u00f3mez Salas <\/p>\n\n\n\n<p>Desde el cielo una hermosa ma\u00f1ana. Para quienes deben de causar alta en el Down town de la Cosm\u00f3polis de Nuevo Le\u00f3n, desde las seis de la ma\u00f1ana y hasta las veintid\u00f3s de la noche, el municipio de Monterrey es responsable de cobrar por el estacionamiento, en v\u00eda p\u00fablica, de los espacios mal trazados e incluso vol\u00e1tiles de la capital regiomontana.<\/p>\n\n\n\n<p>Los integrantes del gabinete como Secretario de Ayuntamiento: C\u00e9sar Garza Villarreal, Secretario de Innovaci\u00f3n y Gobierno Abierto: Federico Vargas, Secretario de Administraci\u00f3n: Marcelo Segovia, Secretaria de Desarrollo Econ\u00f3mico: Ximena Tamariz, Comisario de la Secretar\u00eda de Seguridad y Protecci\u00f3n Ciudadana: Eduardo S\u00e1nchez Quiroz. Secretario de Desarrollo Urbano Sostenible: Fernando Guti\u00e9rrez, Secretario de Finanzas y Tesorero Municipal: Antonio Mart\u00ednez, Secretario Ejecutiva del Presidente Municipal: Gabriel Ayala, Secretaria de Servicios P\u00fablicos: Mayela Quiroga<\/p>\n\n\n\n<p>Secretario de Infraestructura Sostenible: Nazario Pineda Osorio, Directora del DIF Monterrey: X\u00f3chitl Loredo Salazar, Jefe de Gabinete: Fernando Margain, Directora General del Instituto de mujeres regias: Wendy Cordero, Directora del Instituto de la Juventud de Monterrey: Maday Cant\u00fa, Controladora de Monterrey: Jovita Mor\u00edn<\/p>\n\n\n\n<p>Los Regidoras y Regidores: Rosa Ofelia Coronado Flores, Tom\u00e1s David Mac\u00edas Canales, Cecilia Ivonne Espir Mart\u00ednez, \u00c1lvaro Flores Palomo, Cristina Mu\u00f1oz R\u00edosMentor Tijerina Guerra, Marcela Cavazos Guajardo, Mat\u00edas Garc\u00eda Garate, Adriana Paola Coronado Ram\u00edrez, Marco Antonio Vega Noriega, Dabne Naian Gonz\u00e1lez G\u00f3mez, Francisco Javier Cant\u00fa Torres, Diana Esperanza G\u00e1mez Garza &nbsp;<\/p>\n\n\n\n<p>Gracias al Ayuntamiento de Monterrey 2024-2027, Mario Alberto Rodr\u00edguez Platas, Karla Aurora Romero Garc\u00eda Eugenio Silva \u00c1lvarez, Aglaee Idalia S\u00e1nchez Valdez, Daniel Galindo Cruz, Roberto Alfonso Gallardo Galindo, Martha Laura Montemayor Flores, Jos\u00e9 Antonio Ch\u00e1vez Contreras, Anabel Molina Garc\u00eda, Nayra Nelly Gonz\u00e1lez Garza, Zally Emmanuelle Alan\u00eds Izaguirre, Daniel Ramiro Villarreal Zambrano, Gibran Olager Ornelas Bustos, Mayela Cortes Gonz\u00e1lez, Aurea Viridiana Tovar Torres.<\/p>\n\n\n\n<p>S\u00edndica Primera Blanca Paola Contreras Torres. S\u00edndico Segundo Luis Carlos Trevi\u00f1o Berchelmann. A todos ellos podemos darle las gracias del aumento del 800% en los parqu\u00edmetros de la urbe.<\/p>\n\n\n\n<p>Tambi\u00e9n de la modificaci\u00f3n del horario. De las 6 de la ma\u00f1ana a las 22 horas de lunes a s\u00e1bado. Discriminando a quienes carecen de tarjeta de cr\u00e9dito, debito y a los adultos mayores sin acceso a la red mundial de internet o a diferenciar al ciudadano de capacidades diferentes.<\/p>\n\n\n\n<p>A\u00fan as\u00ed, quien encabeza la alcald\u00eda sue\u00f1a con encabezar, suceder y meter al bote, a toda la administraci\u00f3n estatal de Samuel Alejandro Garc\u00eda Sep\u00falveda.<\/p>\n\n\n\n<p>Aprenda sus nombres. Para evitar sufragar por ellos en las siguientes boletas electorales.<\/p>\n","protected":false},"excerpt":{"rendered":"<p>Gerson G\u00f3mez Salas Desde el cielo una hermosa ma\u00f1ana. Para quienes deben de causar alta en el Down town de la Cosm\u00f3polis de Nuevo Le\u00f3n, desde las seis de la ma\u00f1ana y hasta las veintid\u00f3s de la noche, el municipio de Monterrey es responsable de cobrar por el estacionamiento, en v\u00eda p\u00fablica, de los espacios [&hellip;]<\/p>\n","protected":false},"author":1,"featured_media":138464,"comment_status":"open","ping_status":"open","sticky":false,"template":"","format":"standard","meta":{"footnotes":""},"categories":[12],"tags":[],"_links":{"self":[{"href":"https:\/\/diariodigitalmx.com\/index.php\/wp-json\/wp\/v2\/posts\/138462"}],"collection":[{"href":"https:\/\/diariodigitalmx.com\/index.php\/wp-json\/wp\/v2\/posts"}],"about":[{"href":"https:\/\/diariodigitalmx.com\/index.php\/wp-json\/wp\/v2\/types\/post"}],"author":[{"embeddable":true,"href":"https:\/\/diariodigitalmx.com\/index.php\/wp-json\/wp\/v2\/users\/1"}],"replies":[{"embeddable":true,"href":"https:\/\/diariodigitalmx.com\/index.php\/wp-json\/wp\/v2\/comments?post=138462"}],"version-history":[{"count":1,"href":"https:\/\/diariodigitalmx.com\/index.php\/wp-json\/wp\/v2\/posts\/138462\/revisions"}],"predecessor-version":[{"id":138463,"href":"https:\/\/diariodigitalmx.com\/index.php\/wp-json\/wp\/v2\/posts\/138462\/revisions\/138463"}],"wp:featuredmedia":[{"embeddable":true,"href":"https:\/\/diariodigitalmx.com\/index.php\/wp-json\/wp\/v2\/media\/138464"}],"wp:attachment":[{"href":"https:\/\/diariodigitalmx.com\/index.php\/wp-json\/wp\/v2\/media?parent=138462"}],"wp:term":[{"taxonomy":"category","embeddable":true,"href":"https:\/\/diariodigitalmx.com\/index.php\/wp-json\/wp\/v2\/categories?post=138462"},{"taxonomy":"post_tag","embeddable":true,"href":"https:\/\/diariodigitalmx.com\/index.php\/wp-json\/wp\/v2\/tags?post=138462"}],"curies":[{"name":"wp","href":"https:\/\/api.w.org\/{rel}","templated":true}]}}