{"id":138465,"date":"2025-08-12T05:31:37","date_gmt":"2025-08-12T11:31:37","guid":{"rendered":"https:\/\/diariodigitalmx.com\/?p=138465"},"modified":"2025-08-12T05:38:20","modified_gmt":"2025-08-12T11:38:20","slug":"arte-y-ciudad-un-posible-debate","status":"publish","type":"post","link":"https:\/\/diariodigitalmx.com\/index.php\/2025\/08\/12\/arte-y-ciudad-un-posible-debate\/","title":{"rendered":"Arte y ciudad, un posible debate"},"content":{"rendered":"\n<p>Gabriel Contreras<\/p>\n\n\n\n<p>Arte y ciudad es el tema central de la emisi\u00f3n del pr\u00f3ximo mi\u00e9rcoles de Lucha por la cultura, una secci\u00f3n de Punto de enlace, el programa liderado por el periodista David Casas en N\u00facleo Radio Monterrey.<\/p>\n\n\n\n<p>Las voces participantes son dos figuras important\u00edsimas dentro del escenario de la creaci\u00f3n y la reflexi\u00f3n est\u00e9tica en el norte de M\u00e9xico: Ximena Subercaseaux y Sara L\u00f3pez.<\/p>\n\n\n\n<p>La secci\u00f3n lucha por la cultura es conducida por Gabriel Contreras y Guillermo G\u00f3mez, y procura generar m\u00e1s preguntas que certezas.<\/p>\n\n\n\n<p>Lucha por la cultura se transmitir\u00e1 este mi\u00e9rcoles de 4 a 5 de la tarde a trav\u00e9s de La Ranchera de Monterrey en AM y FM, adem\u00e1s de contar con transmisi\u00f3n en vivo por Facebook y Tik Tok.&nbsp;<\/p>\n\n\n\n<p>Ah\u00ed nos vemos este mi\u00e9rcoles\u2026<\/p>\n","protected":false},"excerpt":{"rendered":"<p>Gabriel Contreras Arte y ciudad es el tema central de la emisi\u00f3n del pr\u00f3ximo mi\u00e9rcoles de Lucha por la cultura, una secci\u00f3n de Punto de enlace, el programa liderado por el periodista David Casas en N\u00facleo Radio Monterrey. Las voces participantes son dos figuras important\u00edsimas dentro del escenario de la creaci\u00f3n y la reflexi\u00f3n est\u00e9tica [&hellip;]<\/p>\n","protected":false},"author":1,"featured_media":138471,"comment_status":"open","ping_status":"open","sticky":false,"template":"","format":"standard","meta":{"footnotes":""},"categories":[12],"tags":[],"_links":{"self":[{"href":"https:\/\/diariodigitalmx.com\/index.php\/wp-json\/wp\/v2\/posts\/138465"}],"collection":[{"href":"https:\/\/diariodigitalmx.com\/index.php\/wp-json\/wp\/v2\/posts"}],"about":[{"href":"https:\/\/diariodigitalmx.com\/index.php\/wp-json\/wp\/v2\/types\/post"}],"author":[{"embeddable":true,"href":"https:\/\/diariodigitalmx.com\/index.php\/wp-json\/wp\/v2\/users\/1"}],"replies":[{"embeddable":true,"href":"https:\/\/diariodigitalmx.com\/index.php\/wp-json\/wp\/v2\/comments?post=138465"}],"version-history":[{"count":1,"href":"https:\/\/diariodigitalmx.com\/index.php\/wp-json\/wp\/v2\/posts\/138465\/revisions"}],"predecessor-version":[{"id":138466,"href":"https:\/\/diariodigitalmx.com\/index.php\/wp-json\/wp\/v2\/posts\/138465\/revisions\/138466"}],"wp:featuredmedia":[{"embeddable":true,"href":"https:\/\/diariodigitalmx.com\/index.php\/wp-json\/wp\/v2\/media\/138471"}],"wp:attachment":[{"href":"https:\/\/diariodigitalmx.com\/index.php\/wp-json\/wp\/v2\/media?parent=138465"}],"wp:term":[{"taxonomy":"category","embeddable":true,"href":"https:\/\/diariodigitalmx.com\/index.php\/wp-json\/wp\/v2\/categories?post=138465"},{"taxonomy":"post_tag","embeddable":true,"href":"https:\/\/diariodigitalmx.com\/index.php\/wp-json\/wp\/v2\/tags?post=138465"}],"curies":[{"name":"wp","href":"https:\/\/api.w.org\/{rel}","templated":true}]}}