{"id":138488,"date":"2025-08-12T07:42:59","date_gmt":"2025-08-12T13:42:59","guid":{"rendered":"https:\/\/diariodigitalmx.com\/?p=138488"},"modified":"2025-08-12T07:47:00","modified_gmt":"2025-08-12T13:47:00","slug":"urgen-sandra-e-irais-a-aprobar-reformas-de-paridad-de-genero","status":"publish","type":"post","link":"https:\/\/diariodigitalmx.com\/index.php\/2025\/08\/12\/urgen-sandra-e-irais-a-aprobar-reformas-de-paridad-de-genero\/","title":{"rendered":"Urgen Sandra e Ira\u00eds a aprobar reformas de paridad de g\u00e9nero"},"content":{"rendered":"\n<p>Sandra P\u00e1manes e Ira\u00eds Reyes emplazaron a la Comisi\u00f3n de Puntos Constitucionales y Legislaci\u00f3n para que le den tr\u00e1mite a las iniciativas que est\u00e1n pendientes de resolver en materia de paridad de g\u00e9nero.<\/p>\n\n\n\n<p>La vicecoordinadora de la bancada de Movimiento Ciudadano en el Congreso local y la Diputada federal cuestionaron la omisi\u00f3n que, por seis a\u00f1os, se ha dado en Nuevo Le\u00f3n para aprobar las reformas.<\/p>\n\n\n\n<p>\u201cLamentablemente, este Congreso ha estado en desacato de esa reforma constitucional, no hemos podido realizar esta homologaci\u00f3n a nivel local\u201d, manifest\u00f3 P\u00e1manes.<\/p>\n\n\n\n<p>\u201cNuestra Constituci\u00f3n local le debe, est\u00e1 en deuda con las mujeres de Nuevo Le\u00f3n al momento de no poder hacer esta homologaci\u00f3n con nuestras leyes federales\u201d.<\/p>\n\n\n\n<p>Las diputadas emecistas hicieron un exhorto a los grupos legislativos y emplazaron a la Comisi\u00f3n de Puntos Constitucionales para resolver una reforma en materia de paridad de g\u00e9nero presentada en mayo de 2025.<\/p>\n\n\n\n<p>Para que existan gabinetes paritarios en los municipios tambi\u00e9n se present\u00f3 una iniciativa de modificaci\u00f3n a la fracci\u00f3n VIII y XIII del art\u00edculo 35 de la Ley de Gobierno Municipal del Estado de Nuevo Le\u00f3n.<\/p>\n\n\n\n<p>\u201cHemos presentado esta iniciativa desde 2020 en t\u00e9rminos de paridad en todo, en t\u00e9rminos de paridad en gabinetes\u201d, indic\u00f3 Reyes.<\/p>\n\n\n\n<p>\u201cCreemos que las iniciativas de paridad son las m\u00e1s \u2018congeladas\u2019 en el Congreso, hay una resistencia de las mayor\u00edas legislativas de este Congreso por aprobar estas reformas\u201d.<\/p>\n\n\n\n<p>Las iniciativas presentadas se derivan de la reforma federal que se aprob\u00f3 el 6 de junio de 2019 en el Congreso de la Uni\u00f3n, en la que se establece que haya paridad en los tres niveles de gobierno y los tres poderes.<\/p>\n\n\n\n<p>\u201cNuestra Constituci\u00f3n federal establece como una obligaci\u00f3n que haya una paridad en todo, en los tres niveles de gobierno y en los tres poderes\u201d,&nbsp; agreg\u00f3 P\u00e1manes.<\/p>\n\n\n\n<p>\u201c(Hacemos) un exhorto a los dem\u00e1s grupos legislativos, un emplazamiento a la Comisi\u00f3n de Puntos Constitucionales y a la de Legislaci\u00f3n para poder entrar a debate. Creo que Nuevo Le\u00f3n no merece estar en desacato o fuera del cumplimiento de esta reforma constitucional\u201d.<\/p>\n","protected":false},"excerpt":{"rendered":"<p>Sandra P\u00e1manes e Ira\u00eds Reyes emplazaron a la Comisi\u00f3n de Puntos Constitucionales y Legislaci\u00f3n para que le den tr\u00e1mite a las iniciativas que est\u00e1n pendientes de resolver en materia de paridad de g\u00e9nero. La vicecoordinadora de la bancada de Movimiento Ciudadano en el Congreso local y la Diputada federal cuestionaron la omisi\u00f3n que, por seis [&hellip;]<\/p>\n","protected":false},"author":1,"featured_media":138493,"comment_status":"open","ping_status":"open","sticky":false,"template":"","format":"standard","meta":{"footnotes":""},"categories":[6],"tags":[],"_links":{"self":[{"href":"https:\/\/diariodigitalmx.com\/index.php\/wp-json\/wp\/v2\/posts\/138488"}],"collection":[{"href":"https:\/\/diariodigitalmx.com\/index.php\/wp-json\/wp\/v2\/posts"}],"about":[{"href":"https:\/\/diariodigitalmx.com\/index.php\/wp-json\/wp\/v2\/types\/post"}],"author":[{"embeddable":true,"href":"https:\/\/diariodigitalmx.com\/index.php\/wp-json\/wp\/v2\/users\/1"}],"replies":[{"embeddable":true,"href":"https:\/\/diariodigitalmx.com\/index.php\/wp-json\/wp\/v2\/comments?post=138488"}],"version-history":[{"count":1,"href":"https:\/\/diariodigitalmx.com\/index.php\/wp-json\/wp\/v2\/posts\/138488\/revisions"}],"predecessor-version":[{"id":138489,"href":"https:\/\/diariodigitalmx.com\/index.php\/wp-json\/wp\/v2\/posts\/138488\/revisions\/138489"}],"wp:featuredmedia":[{"embeddable":true,"href":"https:\/\/diariodigitalmx.com\/index.php\/wp-json\/wp\/v2\/media\/138493"}],"wp:attachment":[{"href":"https:\/\/diariodigitalmx.com\/index.php\/wp-json\/wp\/v2\/media?parent=138488"}],"wp:term":[{"taxonomy":"category","embeddable":true,"href":"https:\/\/diariodigitalmx.com\/index.php\/wp-json\/wp\/v2\/categories?post=138488"},{"taxonomy":"post_tag","embeddable":true,"href":"https:\/\/diariodigitalmx.com\/index.php\/wp-json\/wp\/v2\/tags?post=138488"}],"curies":[{"name":"wp","href":"https:\/\/api.w.org\/{rel}","templated":true}]}}