{"id":138494,"date":"2025-08-12T19:07:19","date_gmt":"2025-08-13T01:07:19","guid":{"rendered":"https:\/\/diariodigitalmx.com\/?p=138494"},"modified":"2025-08-12T19:10:13","modified_gmt":"2025-08-13T01:10:13","slug":"propone-mijes-fortalecer-iniciativa-de-ley-de-coordinacion-metropolitana","status":"publish","type":"post","link":"https:\/\/diariodigitalmx.com\/index.php\/2025\/08\/12\/propone-mijes-fortalecer-iniciativa-de-ley-de-coordinacion-metropolitana\/","title":{"rendered":"Propone Mijes fortalecer iniciativa de Ley de Coordinaci\u00f3n Metropolitana"},"content":{"rendered":"\n<p>El Alcalde Andr\u00e9s Mijes plante\u00f3 reforzar la iniciativa de Ley de Coordinaci\u00f3n Metropolitana para impulsar soluciones a los principales problemas que aquejan a las ciudades a trav\u00e9s de la suma de esfuerzos<br>entre el Estado, municipios, sector empresarial y sociedad.<br>Mijes, tambi\u00e9n Presidente de la Mesa de Coordinaci\u00f3n Metropolitana y Sociedad, subray\u00f3 durante la tercera sesi\u00f3n de \u00e9sta, que este lineamiento ser\u00eda el cimiento para que la cooperaci\u00f3n entre municipios sea obligatoria, eficiente y sostenida, enfrentando en conjunto retos como inseguridad, falta de oportunidades, movilidad deficiente, contaminaci\u00f3n y escasez de agua.<\/p>\n\n\n\n<figure class=\"wp-block-image size-large\"><img loading=\"lazy\" decoding=\"async\" width=\"1024\" height=\"681\" src=\"https:\/\/diariodigitalmx.com\/wp-content\/uploads\/2025\/08\/4963378011462283295-1024x681.jpg\" alt=\"\" class=\"wp-image-138498\" srcset=\"https:\/\/diariodigitalmx.com\/wp-content\/uploads\/2025\/08\/4963378011462283295-1024x681.jpg 1024w, https:\/\/diariodigitalmx.com\/wp-content\/uploads\/2025\/08\/4963378011462283295-300x199.jpg 300w, https:\/\/diariodigitalmx.com\/wp-content\/uploads\/2025\/08\/4963378011462283295-768x511.jpg 768w, https:\/\/diariodigitalmx.com\/wp-content\/uploads\/2025\/08\/4963378011462283295.jpg 1280w\" sizes=\"(max-width: 1024px) 100vw, 1024px\" \/><\/figure>\n\n\n\n<p>\u201cLo que pretendemos es establecer un sustento legal y operativo para que la coordinaci\u00f3n entre municipios sea obligatoria y garantizar que las decisiones y acciones conjuntas est\u00e9n orientadas a derrotar a los grandes enemigos de la zona metropolitana\u201d, se\u00f1al\u00f3 el Edil durante la reuni\u00f3n que<br>se llev\u00f3 a cabo en Palacio de Gobierno.<br>Mijes tambi\u00e9n plante\u00f3 que se reconozca la participaci\u00f3n permanente de universidades, c\u00e1maras empresariales y organizaciones civiles en la Mesa de Coordinaci\u00f3n Metropolitana y Sociedad, de manera que sus aportaciones t\u00e9cnicas, acad\u00e9micas y productivas formen parte de cada decisi\u00f3n y estrategia, para as\u00ed generar una visi\u00f3n conjunta que anticipe desaf\u00edos y ofrezca respuestas reales, responsables y viables.<br>El Alcalde refiri\u00f3 que la zona metropolitana de Monterrey necesita acciones que trasciendan administraciones y garanticen un desarrollo ordenado, seguro y sostenible.<\/p>\n\n\n\n<figure class=\"wp-block-image size-large\"><img loading=\"lazy\" decoding=\"async\" width=\"1024\" height=\"681\" src=\"https:\/\/diariodigitalmx.com\/wp-content\/uploads\/2025\/08\/4963378011462283306-1024x681.jpg\" alt=\"\" class=\"wp-image-138497\" srcset=\"https:\/\/diariodigitalmx.com\/wp-content\/uploads\/2025\/08\/4963378011462283306-1024x681.jpg 1024w, https:\/\/diariodigitalmx.com\/wp-content\/uploads\/2025\/08\/4963378011462283306-300x199.jpg 300w, https:\/\/diariodigitalmx.com\/wp-content\/uploads\/2025\/08\/4963378011462283306-768x511.jpg 768w, https:\/\/diariodigitalmx.com\/wp-content\/uploads\/2025\/08\/4963378011462283306.jpg 1280w\" sizes=\"(max-width: 1024px) 100vw, 1024px\" \/><\/figure>\n\n\n\n<p>El Edil llam\u00f3 a los sectores p\u00fablico, privado y social a respaldar esta iniciativa y trabajar unidos por el futuro de la regi\u00f3n, y en un plazo de 15 d\u00edas integrar las propuestas para fortalecer la iniciativa que actualmente se encuentra en el Congreso del Estado.<br>En esta tercera sesi\u00f3n se cont\u00f3 con la participaci\u00f3n del Gobernador Samuel Garc\u00eda, Octavio Romero, Director del INFONAVIT; Edna Vega, Secretaria de Desarrollo Agrario Territorial y Urbano (SEDATU), Alcaldes, funcionarios estatales y por primera vez se cont\u00f3 con la participaci\u00f3n de representantes de universidades y c\u00e1maras industriales.<\/p>\n","protected":false},"excerpt":{"rendered":"<p>El Alcalde Andr\u00e9s Mijes plante\u00f3 reforzar la iniciativa de Ley de Coordinaci\u00f3n Metropolitana para impulsar soluciones a los principales problemas que aquejan a las ciudades a trav\u00e9s de la suma de esfuerzosentre el Estado, municipios, sector empresarial y sociedad.Mijes, tambi\u00e9n Presidente de la Mesa de Coordinaci\u00f3n Metropolitana y Sociedad, subray\u00f3 durante la tercera sesi\u00f3n de [&hellip;]<\/p>\n","protected":false},"author":1,"featured_media":138496,"comment_status":"open","ping_status":"open","sticky":false,"template":"","format":"standard","meta":{"footnotes":""},"categories":[6,3,5],"tags":[],"_links":{"self":[{"href":"https:\/\/diariodigitalmx.com\/index.php\/wp-json\/wp\/v2\/posts\/138494"}],"collection":[{"href":"https:\/\/diariodigitalmx.com\/index.php\/wp-json\/wp\/v2\/posts"}],"about":[{"href":"https:\/\/diariodigitalmx.com\/index.php\/wp-json\/wp\/v2\/types\/post"}],"author":[{"embeddable":true,"href":"https:\/\/diariodigitalmx.com\/index.php\/wp-json\/wp\/v2\/users\/1"}],"replies":[{"embeddable":true,"href":"https:\/\/diariodigitalmx.com\/index.php\/wp-json\/wp\/v2\/comments?post=138494"}],"version-history":[{"count":2,"href":"https:\/\/diariodigitalmx.com\/index.php\/wp-json\/wp\/v2\/posts\/138494\/revisions"}],"predecessor-version":[{"id":138499,"href":"https:\/\/diariodigitalmx.com\/index.php\/wp-json\/wp\/v2\/posts\/138494\/revisions\/138499"}],"wp:featuredmedia":[{"embeddable":true,"href":"https:\/\/diariodigitalmx.com\/index.php\/wp-json\/wp\/v2\/media\/138496"}],"wp:attachment":[{"href":"https:\/\/diariodigitalmx.com\/index.php\/wp-json\/wp\/v2\/media?parent=138494"}],"wp:term":[{"taxonomy":"category","embeddable":true,"href":"https:\/\/diariodigitalmx.com\/index.php\/wp-json\/wp\/v2\/categories?post=138494"},{"taxonomy":"post_tag","embeddable":true,"href":"https:\/\/diariodigitalmx.com\/index.php\/wp-json\/wp\/v2\/tags?post=138494"}],"curies":[{"name":"wp","href":"https:\/\/api.w.org\/{rel}","templated":true}]}}