{"id":138510,"date":"2025-08-13T07:32:54","date_gmt":"2025-08-13T13:32:54","guid":{"rendered":"https:\/\/diariodigitalmx.com\/?p=138510"},"modified":"2025-08-13T07:50:07","modified_gmt":"2025-08-13T13:50:07","slug":"transporte-escolar-una-decision-que-debe-considerar-a-las-familias","status":"publish","type":"post","link":"https:\/\/diariodigitalmx.com\/index.php\/2025\/08\/13\/transporte-escolar-una-decision-que-debe-considerar-a-las-familias\/","title":{"rendered":"Transporte escolar: una decisi\u00f3n que debe considerar a las familias"},"content":{"rendered":"\n<p>Por Instituto Nacional de Consultor\u00eda Familiar ac Luz Mar\u00eda Ortiz Quintos<\/p>\n\n\n\n<p>El reciente anuncio de las autoridades sobre la obligatoriedad del uso del transporte escolar para los niveles de preescolar, primaria y secundaria en escuelas particulares del \u00e1rea metropolitana de Monterrey gener\u00f3 una reacci\u00f3n inmediata entre madres y padres de familia. El argumento central de dicha medida era contribuir a la reducci\u00f3n del tr\u00e1fico vial. Sin embargo, lo que parec\u00eda ser una soluci\u00f3n para un problema urbano, representaba, en la pr\u00e1ctica, una carga econ\u00f3mica y log\u00edstica para muchas familias.<\/p>\n\n\n\n<p>Desde un inicio, expresamos nuestro rechazo a esta disposici\u00f3n. Si bien compartimos la preocupaci\u00f3n por el congestionamiento vehicular, imponer una medida de esta naturaleza \u2014sin considerar la realidad econ\u00f3mica y operativa de las familias\u2014 era injusto. A los m\u00faltiples compromisos ya asumidos por quienes optamos por una educaci\u00f3n particular, se sumaba un gasto m\u00e1s, sin que existiera una propuesta clara, equitativa o bien estructurada.<\/p>\n\n\n\n<p>D\u00edas despu\u00e9s, la autoridad anunci\u00f3 que el transporte escolar ser\u00eda obligatorio, pero gratuito. La noticia fue recibida con escepticismo, y lamentablemente, esta alternativa dur\u00f3 poco. El secretario de Movilidad present\u00f3 entonces una iniciativa para que se incluyera la obligatoriedad del transporte escolar en la Ley de Educaci\u00f3n, dando tan solo tres meses a los colegios particulares para presentar propuestas.<\/p>\n\n\n\n<p>Gracias a la labor de los medios de comunicaci\u00f3n y al debate p\u00fablico generado, como representantes de madres y padres de familia tuvimos la oportunidad de expresar nuestro rechazo a esta imposici\u00f3n. Nuestra postura fue clara: si la medida se implementara, deb\u00eda ser financiada por el Estado, de modo que no implicara un costo adicional para las familias.<\/p>\n\n\n\n<p>Este martes 12 de agosto, las autoridades municipales y estatales anunciaron una nueva estrategia:<\/p>\n\n\n\n<p>\u201cApostar al programa de auto compartido o&nbsp;<em>carpool<\/em>&nbsp;como principal medida para reducir el exceso de veh\u00edculos en circulaci\u00f3n, dejando para despu\u00e9s el plan estatal del transporte escolar obligatorio\u201d.<\/p>\n\n\n\n<p>Consideramos que este cambio de rumbo es una se\u00f1al positiva. Implica el reconocimiento, por parte de las autoridades, de que las decisiones p\u00fablicas deben partir de un entendimiento profundo de la realidad social y familiar. Obligar no es lo mismo que dialogar, y planear no es lo mismo que imponer.<\/p>\n\n\n\n<p>Queremos agradecer a los medios por abrir espacios a nuestra voz, y a la autoridad por haber escuchado. Reconocer que una medida no es viable tambi\u00e9n es gobernar con responsabilidad. Nuestro inter\u00e9s siempre ser\u00e1 el bienestar de nuestras hijas e hijos, y el de las familias neoleonesas.<\/p>\n","protected":false},"excerpt":{"rendered":"<p>Por Instituto Nacional de Consultor\u00eda Familiar ac Luz Mar\u00eda Ortiz Quintos El reciente anuncio de las autoridades sobre la obligatoriedad del uso del transporte escolar para los niveles de preescolar, primaria y secundaria en escuelas particulares del \u00e1rea metropolitana de Monterrey gener\u00f3 una reacci\u00f3n inmediata entre madres y padres de familia. El argumento central de [&hellip;]<\/p>\n","protected":false},"author":1,"featured_media":138523,"comment_status":"open","ping_status":"open","sticky":false,"template":"","format":"standard","meta":{"footnotes":""},"categories":[12],"tags":[],"_links":{"self":[{"href":"https:\/\/diariodigitalmx.com\/index.php\/wp-json\/wp\/v2\/posts\/138510"}],"collection":[{"href":"https:\/\/diariodigitalmx.com\/index.php\/wp-json\/wp\/v2\/posts"}],"about":[{"href":"https:\/\/diariodigitalmx.com\/index.php\/wp-json\/wp\/v2\/types\/post"}],"author":[{"embeddable":true,"href":"https:\/\/diariodigitalmx.com\/index.php\/wp-json\/wp\/v2\/users\/1"}],"replies":[{"embeddable":true,"href":"https:\/\/diariodigitalmx.com\/index.php\/wp-json\/wp\/v2\/comments?post=138510"}],"version-history":[{"count":1,"href":"https:\/\/diariodigitalmx.com\/index.php\/wp-json\/wp\/v2\/posts\/138510\/revisions"}],"predecessor-version":[{"id":138511,"href":"https:\/\/diariodigitalmx.com\/index.php\/wp-json\/wp\/v2\/posts\/138510\/revisions\/138511"}],"wp:featuredmedia":[{"embeddable":true,"href":"https:\/\/diariodigitalmx.com\/index.php\/wp-json\/wp\/v2\/media\/138523"}],"wp:attachment":[{"href":"https:\/\/diariodigitalmx.com\/index.php\/wp-json\/wp\/v2\/media?parent=138510"}],"wp:term":[{"taxonomy":"category","embeddable":true,"href":"https:\/\/diariodigitalmx.com\/index.php\/wp-json\/wp\/v2\/categories?post=138510"},{"taxonomy":"post_tag","embeddable":true,"href":"https:\/\/diariodigitalmx.com\/index.php\/wp-json\/wp\/v2\/tags?post=138510"}],"curies":[{"name":"wp","href":"https:\/\/api.w.org\/{rel}","templated":true}]}}