{"id":138516,"date":"2025-08-13T07:39:27","date_gmt":"2025-08-13T13:39:27","guid":{"rendered":"https:\/\/diariodigitalmx.com\/?p=138516"},"modified":"2025-08-13T07:46:13","modified_gmt":"2025-08-13T13:46:13","slug":"viva-pasajeros-aumentaron-7-8-alcanzando-un-factor-de-ocupacion-de-88-6","status":"publish","type":"post","link":"https:\/\/diariodigitalmx.com\/index.php\/2025\/08\/13\/viva-pasajeros-aumentaron-7-8-alcanzando-un-factor-de-ocupacion-de-88-6\/","title":{"rendered":"Viva: Pasajeros aumentaron 7.8% alcanzando un factor de ocupaci\u00f3n de 88.6%"},"content":{"rendered":"\n<p>Ciudad de M\u00e9xico \u2013 Viva anunci\u00f3 hoy sus resultados preliminares de tr\u00e1fico correspondientes a julio de 2025. Este mes, el tr\u00e1fico de pasajeros increment\u00f3 un 7.8% comparado con julio de 2024, alcanzando 2.7 millones de pasajeros, impulsado por un aumento del 7.7% y 9.0% en el tr\u00e1fico nacional e internacional, respectivamente.<br>Viva aument\u00f3 su capacidad total en asientos por milla disponibles (ASMs) en un 10.1% en comparaci\u00f3n con julio de 2024. En cuanto al desglose por mercado, Viva creci\u00f3 su capacidad en un 8.5% en el mercado nacional y en un 17.5% en el internacional. El factor de ocupaci\u00f3n alcanz\u00f3 un 88.6% en comparaci\u00f3n con el 92.0% en 2024, derivado de un factor de ocupaci\u00f3n del 89.6% y 83.8% en el mercado nacional e internacional, respectivamente.<br>\u201cEl tr\u00e1fico de pasajeros aument\u00f3 7.8% en julio, apoyado por una demanda estable durante el periodo de verano. Los factores de ocupaci\u00f3n se mantuvieron en niveles saludables, aunque por debajo de los del a\u00f1o anterior, debido a una base de comparaci\u00f3n particularmente alta. Mantenemos un enfoque disciplinado en el despliegue de capacidad, en un entorno de demanda que sigue reflejando un comportamiento cauteloso por parte del consumidor. El impacto relacionado con los motores Pratt &amp; Whitney persiste, aunque continuamos mitigando las afectaciones operativas en toda la red.\u201d, mencion\u00f3 Juan Carlos Zuazua, Director General de Viva.<\/p>\n","protected":false},"excerpt":{"rendered":"<p>Ciudad de M\u00e9xico \u2013 Viva anunci\u00f3 hoy sus resultados preliminares de tr\u00e1fico correspondientes a julio de 2025. Este mes, el tr\u00e1fico de pasajeros increment\u00f3 un 7.8% comparado con julio de 2024, alcanzando 2.7 millones de pasajeros, impulsado por un aumento del 7.7% y 9.0% en el tr\u00e1fico nacional e internacional, respectivamente.Viva aument\u00f3 su capacidad total [&hellip;]<\/p>\n","protected":false},"author":1,"featured_media":138518,"comment_status":"open","ping_status":"open","sticky":false,"template":"","format":"standard","meta":{"footnotes":""},"categories":[10],"tags":[],"_links":{"self":[{"href":"https:\/\/diariodigitalmx.com\/index.php\/wp-json\/wp\/v2\/posts\/138516"}],"collection":[{"href":"https:\/\/diariodigitalmx.com\/index.php\/wp-json\/wp\/v2\/posts"}],"about":[{"href":"https:\/\/diariodigitalmx.com\/index.php\/wp-json\/wp\/v2\/types\/post"}],"author":[{"embeddable":true,"href":"https:\/\/diariodigitalmx.com\/index.php\/wp-json\/wp\/v2\/users\/1"}],"replies":[{"embeddable":true,"href":"https:\/\/diariodigitalmx.com\/index.php\/wp-json\/wp\/v2\/comments?post=138516"}],"version-history":[{"count":1,"href":"https:\/\/diariodigitalmx.com\/index.php\/wp-json\/wp\/v2\/posts\/138516\/revisions"}],"predecessor-version":[{"id":138517,"href":"https:\/\/diariodigitalmx.com\/index.php\/wp-json\/wp\/v2\/posts\/138516\/revisions\/138517"}],"wp:featuredmedia":[{"embeddable":true,"href":"https:\/\/diariodigitalmx.com\/index.php\/wp-json\/wp\/v2\/media\/138518"}],"wp:attachment":[{"href":"https:\/\/diariodigitalmx.com\/index.php\/wp-json\/wp\/v2\/media?parent=138516"}],"wp:term":[{"taxonomy":"category","embeddable":true,"href":"https:\/\/diariodigitalmx.com\/index.php\/wp-json\/wp\/v2\/categories?post=138516"},{"taxonomy":"post_tag","embeddable":true,"href":"https:\/\/diariodigitalmx.com\/index.php\/wp-json\/wp\/v2\/tags?post=138516"}],"curies":[{"name":"wp","href":"https:\/\/api.w.org\/{rel}","templated":true}]}}