{"id":138527,"date":"2025-08-13T08:46:06","date_gmt":"2025-08-13T14:46:06","guid":{"rendered":"https:\/\/diariodigitalmx.com\/?p=138527"},"modified":"2025-08-13T08:49:59","modified_gmt":"2025-08-13T14:49:59","slug":"video-detenidos-por-robo-a-personas","status":"publish","type":"post","link":"https:\/\/diariodigitalmx.com\/index.php\/2025\/08\/13\/video-detenidos-por-robo-a-personas\/","title":{"rendered":"Video: Detenidos por robo a personas"},"content":{"rendered":"\n<figure class=\"wp-block-video\"><video controls src=\"http:\/\/diariodigitalmx.com\/wp-content\/uploads\/2025\/08\/VID-20250813-WA00351.mp4\"><\/video><\/figure>\n\n\n\n<p>* Detectados a trav\u00e9s de las c\u00e1maras del C4 regiomontano<\/p>\n\n\n\n<p>Dos hombres que utilizaban un taxi para buscar personas dormidas en la v\u00eda p\u00fablica y presuntamente robarles sus pertenencias, fueron detenidos por oficiales de la Polic\u00eda de Monterrey, en el centro de la ciudad.<\/p>\n\n\n\n<p>Los hechos se registraron a las 03:20 horas en Reforma y Villagr\u00e1n, donde fueron capturados Jes\u00fas Sim\u00f3n N., de 55 a\u00f1os de edad, quien manejaba el auto de alquiler y su acompa\u00f1ante Daniel Armando O., de 42 a\u00f1os de edad.<\/p>\n\n\n\n<figure class=\"wp-block-gallery has-nested-images columns-default is-cropped wp-block-gallery-1 is-layout-flex wp-block-gallery-is-layout-flex\">\n<figure class=\"wp-block-image size-large\"><img loading=\"lazy\" decoding=\"async\" width=\"601\" height=\"458\" data-id=\"138534\" src=\"https:\/\/diariodigitalmx.com\/wp-content\/uploads\/2025\/08\/IMG-20250813-WA0029.jpg\" alt=\"\" class=\"wp-image-138534\" srcset=\"https:\/\/diariodigitalmx.com\/wp-content\/uploads\/2025\/08\/IMG-20250813-WA0029.jpg 601w, https:\/\/diariodigitalmx.com\/wp-content\/uploads\/2025\/08\/IMG-20250813-WA0029-300x229.jpg 300w\" sizes=\"(max-width: 601px) 100vw, 601px\" \/><\/figure>\n\n\n\n<figure class=\"wp-block-image size-large\"><img loading=\"lazy\" decoding=\"async\" width=\"416\" height=\"312\" data-id=\"138535\" src=\"https:\/\/diariodigitalmx.com\/wp-content\/uploads\/2025\/08\/IMG-20250813-WA0028.jpg\" alt=\"\" class=\"wp-image-138535\" srcset=\"https:\/\/diariodigitalmx.com\/wp-content\/uploads\/2025\/08\/IMG-20250813-WA0028.jpg 416w, https:\/\/diariodigitalmx.com\/wp-content\/uploads\/2025\/08\/IMG-20250813-WA0028-300x225.jpg 300w\" sizes=\"(max-width: 416px) 100vw, 416px\" \/><\/figure>\n<\/figure>\n\n\n\n<p>Elementos de la Polic\u00eda de Monterrey realizaban un recorrido de prevenci\u00f3n y vigilancia durante la madrugada, de personas que duermen en la v\u00eda p\u00fablica.<\/p>\n\n\n\n<p>A trav\u00e9s del C4 les reportan sobre dos masculinos que viajaban en un taxi Nissan Versa, color amarillo con blanco, con placas A-474-MKM, mismos que estaban robando a una persona dormida sobre la banqueta, capt\u00e1ndolos a trav\u00e9s del sistema de monitoreo de las c\u00e1maras de video vigilancia.<\/p>\n\n\n\n<p>De inmediato los uniformados municipales se aproximaron al sitio, observando a los presuntos, quienes intentaron escapar en el taxi, pero al ser capturados, dijeron que s\u00f3lo trataban de despertar a la persona.<\/p>\n\n\n\n<p>Sin embargo, se acerc\u00f3 al sitio otro ciudadano, quien asegur\u00f3 le hab\u00edan robado su malet\u00edn con ropa, por lo que al inspeccionar el autom\u00f3vil, los polic\u00edas lo encontraron al interior.<\/p>\n\n\n\n<p>Estas acciones forman parte de la estrategia Escudo que implementa la actual administraci\u00f3n municipal, con el objetivo de brindar una mayor seguridad y disminuir los delitos.<\/p>\n\n\n\n<p>Los detenidos fueron trasladados a las instalaciones de la Polic\u00eda de Monterrey, donde quedaron a disposici\u00f3n del Ministerio P\u00fablico.<\/p>\n","protected":false},"excerpt":{"rendered":"<p>* Detectados a trav\u00e9s de las c\u00e1maras del C4 regiomontano Dos hombres que utilizaban un taxi para buscar personas dormidas en la v\u00eda p\u00fablica y presuntamente robarles sus pertenencias, fueron detenidos por oficiales de la Polic\u00eda de Monterrey, en el centro de la ciudad. Los hechos se registraron a las 03:20 horas en Reforma y [&hellip;]<\/p>\n","protected":false},"author":1,"featured_media":138529,"comment_status":"open","ping_status":"open","sticky":false,"template":"","format":"standard","meta":{"footnotes":""},"categories":[7],"tags":[],"_links":{"self":[{"href":"https:\/\/diariodigitalmx.com\/index.php\/wp-json\/wp\/v2\/posts\/138527"}],"collection":[{"href":"https:\/\/diariodigitalmx.com\/index.php\/wp-json\/wp\/v2\/posts"}],"about":[{"href":"https:\/\/diariodigitalmx.com\/index.php\/wp-json\/wp\/v2\/types\/post"}],"author":[{"embeddable":true,"href":"https:\/\/diariodigitalmx.com\/index.php\/wp-json\/wp\/v2\/users\/1"}],"replies":[{"embeddable":true,"href":"https:\/\/diariodigitalmx.com\/index.php\/wp-json\/wp\/v2\/comments?post=138527"}],"version-history":[{"count":3,"href":"https:\/\/diariodigitalmx.com\/index.php\/wp-json\/wp\/v2\/posts\/138527\/revisions"}],"predecessor-version":[{"id":138536,"href":"https:\/\/diariodigitalmx.com\/index.php\/wp-json\/wp\/v2\/posts\/138527\/revisions\/138536"}],"wp:featuredmedia":[{"embeddable":true,"href":"https:\/\/diariodigitalmx.com\/index.php\/wp-json\/wp\/v2\/media\/138529"}],"wp:attachment":[{"href":"https:\/\/diariodigitalmx.com\/index.php\/wp-json\/wp\/v2\/media?parent=138527"}],"wp:term":[{"taxonomy":"category","embeddable":true,"href":"https:\/\/diariodigitalmx.com\/index.php\/wp-json\/wp\/v2\/categories?post=138527"},{"taxonomy":"post_tag","embeddable":true,"href":"https:\/\/diariodigitalmx.com\/index.php\/wp-json\/wp\/v2\/tags?post=138527"}],"curies":[{"name":"wp","href":"https:\/\/api.w.org\/{rel}","templated":true}]}}