{"id":138566,"date":"2025-08-14T05:20:37","date_gmt":"2025-08-14T11:20:37","guid":{"rendered":"https:\/\/diariodigitalmx.com\/?p=138566"},"modified":"2025-08-14T05:47:04","modified_gmt":"2025-08-14T11:47:04","slug":"todos-a-correr-por-un-nuevo-amanecer","status":"publish","type":"post","link":"https:\/\/diariodigitalmx.com\/index.php\/2025\/08\/14\/todos-a-correr-por-un-nuevo-amanecer\/","title":{"rendered":"Todos a correr por un Nuevo Amanecer"},"content":{"rendered":"\n<figure class=\"wp-block-image size-large\"><img loading=\"lazy\" decoding=\"async\" width=\"1024\" height=\"683\" src=\"https:\/\/diariodigitalmx.com\/wp-content\/uploads\/2025\/08\/IMG_2417-1024x683.jpg\" alt=\"\" class=\"wp-image-138576\" srcset=\"https:\/\/diariodigitalmx.com\/wp-content\/uploads\/2025\/08\/IMG_2417-1024x683.jpg 1024w, https:\/\/diariodigitalmx.com\/wp-content\/uploads\/2025\/08\/IMG_2417-300x200.jpg 300w, https:\/\/diariodigitalmx.com\/wp-content\/uploads\/2025\/08\/IMG_2417-768x512.jpg 768w, https:\/\/diariodigitalmx.com\/wp-content\/uploads\/2025\/08\/IMG_2417-1536x1024.jpg 1536w, https:\/\/diariodigitalmx.com\/wp-content\/uploads\/2025\/08\/IMG_2417-2048x1365.jpg 2048w\" sizes=\"(max-width: 1024px) 100vw, 1024px\" \/><\/figure>\n\n\n\n<p>*Con la meta de sumar 3 mil corredores, IOS Offices llevar\u00e1 a cabo la edici\u00f3n 14 de su carrera de 5 y 10 kil\u00f3metros que se realizar\u00e1 el pr\u00f3ximo domingo 6 de septiembre sobre el circuito Valle Oriente del municipio de San Pedro Garza Garc\u00eda, N.L<br>Por: Ra\u00fal E. Guevara Ortiz\/Prensa Trotime.- Retadora, y por una noble causa, ser\u00e1 la 14 edici\u00f3n de la Carrera 5 y 10 K IOS Offices que a beneficio de la Asociaci\u00f3n Nuevo Amanecer partir\u00e1 de las inmediaciones de la Torre KOI del municipio de San Pedro Garza Garc\u00eda este pr\u00f3ximo domingo 6 de septiembre.<\/p>\n\n\n\n<figure class=\"wp-block-image size-large\"><img loading=\"lazy\" decoding=\"async\" width=\"1024\" height=\"980\" src=\"https:\/\/diariodigitalmx.com\/wp-content\/uploads\/2025\/08\/IMG_2430-1-1024x980.jpg\" alt=\"\" class=\"wp-image-138583\" srcset=\"https:\/\/diariodigitalmx.com\/wp-content\/uploads\/2025\/08\/IMG_2430-1-1024x980.jpg 1024w, https:\/\/diariodigitalmx.com\/wp-content\/uploads\/2025\/08\/IMG_2430-1-300x287.jpg 300w, https:\/\/diariodigitalmx.com\/wp-content\/uploads\/2025\/08\/IMG_2430-1-768x735.jpg 768w, https:\/\/diariodigitalmx.com\/wp-content\/uploads\/2025\/08\/IMG_2430-1-1536x1470.jpg 1536w, https:\/\/diariodigitalmx.com\/wp-content\/uploads\/2025\/08\/IMG_2430-1.jpg 1728w\" sizes=\"(max-width: 1024px) 100vw, 1024px\" \/><\/figure>\n\n\n\n<p>Lo anterior fue informado durante la presentaci\u00f3n del evento en conferencia de prensa por Javier Garc\u00eda Iza, Director y fundador del evento quien destac\u00f3 que \u201cse espera la asistencia de m\u00e1s de 3 mil corredores, que sumar\u00e1n el pago de su registro para la causa de ni\u00f1os que<br>buscan mejorar su calidad de vida, as\u00ed como de ni\u00f1os y j\u00f3venes con par\u00e1lisis cerebral\u201d,<br>manifest\u00f3 el tambi\u00e9n CEO de IOS Offices.<\/p>\n\n\n\n<figure class=\"wp-block-gallery has-nested-images columns-default is-cropped wp-block-gallery-1 is-layout-flex wp-block-gallery-is-layout-flex\">\n<figure class=\"wp-block-image size-large\"><img loading=\"lazy\" decoding=\"async\" width=\"1024\" height=\"683\" data-id=\"138580\" src=\"https:\/\/diariodigitalmx.com\/wp-content\/uploads\/2025\/08\/IMG_2419-1024x683.jpg\" alt=\"\" class=\"wp-image-138580\" srcset=\"https:\/\/diariodigitalmx.com\/wp-content\/uploads\/2025\/08\/IMG_2419-1024x683.jpg 1024w, https:\/\/diariodigitalmx.com\/wp-content\/uploads\/2025\/08\/IMG_2419-300x200.jpg 300w, https:\/\/diariodigitalmx.com\/wp-content\/uploads\/2025\/08\/IMG_2419-768x512.jpg 768w, https:\/\/diariodigitalmx.com\/wp-content\/uploads\/2025\/08\/IMG_2419-1536x1024.jpg 1536w, https:\/\/diariodigitalmx.com\/wp-content\/uploads\/2025\/08\/IMG_2419-2048x1365.jpg 2048w\" sizes=\"(max-width: 1024px) 100vw, 1024px\" \/><\/figure>\n\n\n\n<figure class=\"wp-block-image size-large\"><img loading=\"lazy\" decoding=\"async\" width=\"1024\" height=\"683\" data-id=\"138581\" src=\"https:\/\/diariodigitalmx.com\/wp-content\/uploads\/2025\/08\/IMG_2439-1024x683.jpg\" alt=\"\" class=\"wp-image-138581\" srcset=\"https:\/\/diariodigitalmx.com\/wp-content\/uploads\/2025\/08\/IMG_2439-1024x683.jpg 1024w, https:\/\/diariodigitalmx.com\/wp-content\/uploads\/2025\/08\/IMG_2439-300x200.jpg 300w, https:\/\/diariodigitalmx.com\/wp-content\/uploads\/2025\/08\/IMG_2439-768x512.jpg 768w, https:\/\/diariodigitalmx.com\/wp-content\/uploads\/2025\/08\/IMG_2439-1536x1024.jpg 1536w, https:\/\/diariodigitalmx.com\/wp-content\/uploads\/2025\/08\/IMG_2439-2048x1365.jpg 2048w\" sizes=\"(max-width: 1024px) 100vw, 1024px\" \/><\/figure>\n<\/figure>\n\n\n\n<p>El evento que dar\u00e1 inicio en punto de las 7:00 hora, realizar\u00e1 su recorrido dentro del circuito<br>Valle Oriente, teniendo como punto de partida las inmediaciones de la Torre KOI, ubicada en<br>Av. Eugenio Garza Lag\u00fcera (Fundadores) esq, David Alfaro Siqueiros 106, Valle Oriente, 66269 San Pedro Garza Garc\u00eda, N.L.<br>\u201cEste es un retador circuito, pero que es del gusto de la comunidad corredora de Nuevo Le\u00f3n que estamos seguros aceptar\u00e1 este reto, y como siempre volcar\u00e1 su apoyo a la causa del Instituto Nuevo Amanecer\u201d, dijo Fernando Galindo, director general de Trotime.<br>Los interesados en participar podr\u00e1n realizar sus registro a trav\u00e9s del portal: www.trotime.com y el costo de participaci\u00f3n ser\u00e1 de $480.00 de inscripci\u00f3n general, $530.00 inscripci\u00f3n general personalizado, $580.00 Pet Friendly 5K Con Personalizado (Incluye: 1 Persona + 1 Mascota +1 personalizado), $900.00 PADRINO (Incluye inscripci\u00f3n General Con Personalizado y Gorra distintiva $900), $1,700.00 Paquete Familiar Con Personalizado (Incluye: 4 inscripciones + 4 personalizados) y<br>$1,700.00 Paquete Familiar, Pet Friendly Con Personalizado (Incluye: 4 Persona + 1 Mascota +4 personalizados).<br>Al final del evento se llevar\u00e1 a cabo entre los participantes, una rifa de m\u00e1s de 250 mil pesos en premios.<\/p>\n","protected":false},"excerpt":{"rendered":"<p>*Con la meta de sumar 3 mil corredores, IOS Offices llevar\u00e1 a cabo la edici\u00f3n 14 de su carrera de 5 y 10 kil\u00f3metros que se realizar\u00e1 el pr\u00f3ximo domingo 6 de septiembre sobre el circuito Valle Oriente del municipio de San Pedro Garza Garc\u00eda, N.LPor: Ra\u00fal E. Guevara Ortiz\/Prensa Trotime.- Retadora, y por una [&hellip;]<\/p>\n","protected":false},"author":1,"featured_media":138574,"comment_status":"open","ping_status":"open","sticky":false,"template":"","format":"standard","meta":{"footnotes":""},"categories":[8],"tags":[],"_links":{"self":[{"href":"https:\/\/diariodigitalmx.com\/index.php\/wp-json\/wp\/v2\/posts\/138566"}],"collection":[{"href":"https:\/\/diariodigitalmx.com\/index.php\/wp-json\/wp\/v2\/posts"}],"about":[{"href":"https:\/\/diariodigitalmx.com\/index.php\/wp-json\/wp\/v2\/types\/post"}],"author":[{"embeddable":true,"href":"https:\/\/diariodigitalmx.com\/index.php\/wp-json\/wp\/v2\/users\/1"}],"replies":[{"embeddable":true,"href":"https:\/\/diariodigitalmx.com\/index.php\/wp-json\/wp\/v2\/comments?post=138566"}],"version-history":[{"count":4,"href":"https:\/\/diariodigitalmx.com\/index.php\/wp-json\/wp\/v2\/posts\/138566\/revisions"}],"predecessor-version":[{"id":138584,"href":"https:\/\/diariodigitalmx.com\/index.php\/wp-json\/wp\/v2\/posts\/138566\/revisions\/138584"}],"wp:featuredmedia":[{"embeddable":true,"href":"https:\/\/diariodigitalmx.com\/index.php\/wp-json\/wp\/v2\/media\/138574"}],"wp:attachment":[{"href":"https:\/\/diariodigitalmx.com\/index.php\/wp-json\/wp\/v2\/media?parent=138566"}],"wp:term":[{"taxonomy":"category","embeddable":true,"href":"https:\/\/diariodigitalmx.com\/index.php\/wp-json\/wp\/v2\/categories?post=138566"},{"taxonomy":"post_tag","embeddable":true,"href":"https:\/\/diariodigitalmx.com\/index.php\/wp-json\/wp\/v2\/tags?post=138566"}],"curies":[{"name":"wp","href":"https:\/\/api.w.org\/{rel}","templated":true}]}}