{"id":138600,"date":"2025-08-14T20:48:23","date_gmt":"2025-08-15T02:48:23","guid":{"rendered":"https:\/\/diariodigitalmx.com\/?p=138600"},"modified":"2025-08-14T20:52:52","modified_gmt":"2025-08-15T02:52:52","slug":"propone-mijes-declarar-2026-como-ano-del-bicentenario-del-general-mariano-escobedo","status":"publish","type":"post","link":"https:\/\/diariodigitalmx.com\/index.php\/2025\/08\/14\/propone-mijes-declarar-2026-como-ano-del-bicentenario-del-general-mariano-escobedo\/","title":{"rendered":"Propone Mijes declarar 2026 como A\u00f1o del Bicentenario del General Mariano Escobedo"},"content":{"rendered":"\n<p>El Alcalde de Escobedo, Andr\u00e9s Mijes, present\u00f3 este jueves una iniciativa ante el Congreso del Estado para que 2026 sea declarado oficialmente como el \u201cA\u00f1o del Bicentenario del General Mariano Escobedo\u201d, en honor al h\u00e9roe nacional que dej\u00f3 una huella imborrable en la historia de M\u00e9xico.<br>En v\u00edsperas del Mundial 2026, Mijes explic\u00f3 que el objetivo es que Nuevo Le\u00f3n y el pa\u00eds reconozcan a uno de sus hijos m\u00e1s ilustres, el General Mariano Escobedo, s\u00edmbolo de patriotismo, legalidad, firmeza y servicio a la Naci\u00f3n.<br>La propuesta incluye que el nombre del h\u00e9roe sea inscrito con Letras de Oro en uno de los muros del recinto legislativo, a fin de que sea inspiraci\u00f3n para las nuevas generaciones y como un recordatorio del papel de los l\u00edderes norte\u00f1os en la construcci\u00f3n de un M\u00e9xico m\u00e1s justo.<\/p>\n\n\n\n<figure class=\"wp-block-image size-large\"><img loading=\"lazy\" decoding=\"async\" width=\"1024\" height=\"683\" src=\"https:\/\/diariodigitalmx.com\/wp-content\/uploads\/2025\/08\/IMG_9368-1024x683.jpg\" alt=\"\" class=\"wp-image-138605\" srcset=\"https:\/\/diariodigitalmx.com\/wp-content\/uploads\/2025\/08\/IMG_9368-1024x683.jpg 1024w, https:\/\/diariodigitalmx.com\/wp-content\/uploads\/2025\/08\/IMG_9368-300x200.jpg 300w, https:\/\/diariodigitalmx.com\/wp-content\/uploads\/2025\/08\/IMG_9368-768x512.jpg 768w, https:\/\/diariodigitalmx.com\/wp-content\/uploads\/2025\/08\/IMG_9368-1536x1024.jpg 1536w, https:\/\/diariodigitalmx.com\/wp-content\/uploads\/2025\/08\/IMG_9368-2048x1365.jpg 2048w\" sizes=\"(max-width: 1024px) 100vw, 1024px\" \/><\/figure>\n\n\n\n<p>Acompa\u00f1ado por diputados locales, funcionarios municipales y cronistas, el Alcalde destac\u00f3 que este proyecto forma parte de la visi\u00f3n cultural y social de la 4T Norte\u00f1a, alineada con el llamado de la Presidenta Claudia Sheinbaum de honrar las ra\u00edces de nuestra historia nacional, fortaleciendo con hechos el tejido social que hace posible el Crecimiento Equitativo.<br>\u201cMariano Escobedo fue mucho m\u00e1s que un militar. Encarn\u00f3 la transformaci\u00f3n liberal de M\u00e9xico. Supo combinar valent\u00eda con visi\u00f3n estrat\u00e9gica, austeridad con liderazgo, y dedic\u00f3 su vida a construir un futuro<br>m\u00e1s justo para todos\u201d, expres\u00f3 Mijes.<br>El Municipio de Escobedo inici\u00f3 este a\u00f1o actividades conmemorativas rumbo al bicentenario del natalicio del General, con eventos educativos, culturales y c\u00edvicos desde febrero, enfocados en rescatar y difundir su vida y obra como ejemplo de valores para las nuevas generaciones.<\/p>\n\n\n\n<figure class=\"wp-block-image size-large\"><img loading=\"lazy\" decoding=\"async\" width=\"1024\" height=\"737\" src=\"https:\/\/diariodigitalmx.com\/wp-content\/uploads\/2025\/08\/IMG_9379-1024x737.jpg\" alt=\"\" class=\"wp-image-138604\" srcset=\"https:\/\/diariodigitalmx.com\/wp-content\/uploads\/2025\/08\/IMG_9379-1024x737.jpg 1024w, https:\/\/diariodigitalmx.com\/wp-content\/uploads\/2025\/08\/IMG_9379-300x216.jpg 300w, https:\/\/diariodigitalmx.com\/wp-content\/uploads\/2025\/08\/IMG_9379-768x553.jpg 768w, https:\/\/diariodigitalmx.com\/wp-content\/uploads\/2025\/08\/IMG_9379-1536x1105.jpg 1536w, https:\/\/diariodigitalmx.com\/wp-content\/uploads\/2025\/08\/IMG_9379-2048x1474.jpg 2048w\" sizes=\"(max-width: 1024px) 100vw, 1024px\" \/><\/figure>\n\n\n\n<p>Con esta propuesta, Escobedo busca que 2026 sea recordado no solo por el f\u00fatbol, sino tambi\u00e9n como el a\u00f1o en que Nuevo Le\u00f3n mostr\u00f3 al mundo su orgullo, su historia y su identidad, rindiendo homenaje a un l\u00edder que representa la grandeza del norte de M\u00e9xico.<br>Durante la presentaci\u00f3n del documento se cont\u00f3 con la presencia de los Diputados de Morena, Mario Soto, Anylu Bendici\u00f3n Hern\u00e1ndez y Jes\u00fas Elizondo, adem\u00e1s se cont\u00f3 con la participaci\u00f3n de Anabel Escocer, Presidenta de Morena Nuevo Le\u00f3n y Jos\u00e9 Antonio Quiroga Chapa, Secretario T\u00e9cnico del Gabinete y Coordinador del Consejo Metropolitano de la Cr\u00f3nica.<\/p>\n","protected":false},"excerpt":{"rendered":"<p>El Alcalde de Escobedo, Andr\u00e9s Mijes, present\u00f3 este jueves una iniciativa ante el Congreso del Estado para que 2026 sea declarado oficialmente como el \u201cA\u00f1o del Bicentenario del General Mariano Escobedo\u201d, en honor al h\u00e9roe nacional que dej\u00f3 una huella imborrable en la historia de M\u00e9xico.En v\u00edsperas del Mundial 2026, Mijes explic\u00f3 que el objetivo [&hellip;]<\/p>\n","protected":false},"author":1,"featured_media":138602,"comment_status":"open","ping_status":"open","sticky":false,"template":"","format":"standard","meta":{"footnotes":""},"categories":[6],"tags":[],"_links":{"self":[{"href":"https:\/\/diariodigitalmx.com\/index.php\/wp-json\/wp\/v2\/posts\/138600"}],"collection":[{"href":"https:\/\/diariodigitalmx.com\/index.php\/wp-json\/wp\/v2\/posts"}],"about":[{"href":"https:\/\/diariodigitalmx.com\/index.php\/wp-json\/wp\/v2\/types\/post"}],"author":[{"embeddable":true,"href":"https:\/\/diariodigitalmx.com\/index.php\/wp-json\/wp\/v2\/users\/1"}],"replies":[{"embeddable":true,"href":"https:\/\/diariodigitalmx.com\/index.php\/wp-json\/wp\/v2\/comments?post=138600"}],"version-history":[{"count":2,"href":"https:\/\/diariodigitalmx.com\/index.php\/wp-json\/wp\/v2\/posts\/138600\/revisions"}],"predecessor-version":[{"id":138606,"href":"https:\/\/diariodigitalmx.com\/index.php\/wp-json\/wp\/v2\/posts\/138600\/revisions\/138606"}],"wp:featuredmedia":[{"embeddable":true,"href":"https:\/\/diariodigitalmx.com\/index.php\/wp-json\/wp\/v2\/media\/138602"}],"wp:attachment":[{"href":"https:\/\/diariodigitalmx.com\/index.php\/wp-json\/wp\/v2\/media?parent=138600"}],"wp:term":[{"taxonomy":"category","embeddable":true,"href":"https:\/\/diariodigitalmx.com\/index.php\/wp-json\/wp\/v2\/categories?post=138600"},{"taxonomy":"post_tag","embeddable":true,"href":"https:\/\/diariodigitalmx.com\/index.php\/wp-json\/wp\/v2\/tags?post=138600"}],"curies":[{"name":"wp","href":"https:\/\/api.w.org\/{rel}","templated":true}]}}