{"id":138612,"date":"2025-08-14T22:09:10","date_gmt":"2025-08-15T04:09:10","guid":{"rendered":"https:\/\/diariodigitalmx.com\/?p=138612"},"modified":"2025-08-14T22:14:49","modified_gmt":"2025-08-15T04:14:49","slug":"despiertan-como-campeones-bremen-y-protec-en-el-futbol-7-dominical-en-liga-casabella","status":"publish","type":"post","link":"https:\/\/diariodigitalmx.com\/index.php\/2025\/08\/14\/despiertan-como-campeones-bremen-y-protec-en-el-futbol-7-dominical-en-liga-casabella\/","title":{"rendered":"Despiertan como campeones Bremen y Protec en el f\u00fatbol 7 dominical en Liga CasaBella"},"content":{"rendered":"\n<p><\/p>\n\n\n\n<p>Por: Ra\u00fal E. Guevara Ortiz\/Prensa LCB.- Dejando de lado lo \u201cmodorro\u201d de la ma\u00f1ana dominical, los equipos Bremen y Protec disfrutaron el sabor de la victoria despu\u00e9s de entregarse totalmente y llevarse los t\u00edtulos los torneos de Copa y de Liga de la Liga CasaBella.<\/p>\n\n\n\n<p>Sin importar dejar de lado la suculenta barbacoa o el menudo tradicional de los domingos para otros momento, en punto de las 9:00 horas, los equipos Bremen y Forza saltaron al sint\u00e9tico de \u201cLa Catedral\u201d, para palmo a palmo enfrascarse en una cerrada guerra deportiva, donde\u00a0 \u00a0los del Bremen a trav\u00e9s\u00a0 Edson R\u00edos con un potente disparo desde afuera del \u00e1rea, abrieron el cerrojazo impuesto por sus rivales y colocar el marcador 1-0, sin embargo un grave error defensivo de su zaga defensiva en un mal regreso del esf\u00e9rico a su portero lo anidaron en su propia porter\u00eda para poner las cosas 1-1.<\/p>\n\n\n\n<figure class=\"wp-block-image size-large\"><img loading=\"lazy\" decoding=\"async\" width=\"1024\" height=\"682\" src=\"https:\/\/diariodigitalmx.com\/wp-content\/uploads\/2025\/08\/IMG-20250811-WA0195-1024x682.jpg\" alt=\"\" class=\"wp-image-138615\" srcset=\"https:\/\/diariodigitalmx.com\/wp-content\/uploads\/2025\/08\/IMG-20250811-WA0195-1024x682.jpg 1024w, https:\/\/diariodigitalmx.com\/wp-content\/uploads\/2025\/08\/IMG-20250811-WA0195-300x200.jpg 300w, https:\/\/diariodigitalmx.com\/wp-content\/uploads\/2025\/08\/IMG-20250811-WA0195-768x512.jpg 768w, https:\/\/diariodigitalmx.com\/wp-content\/uploads\/2025\/08\/IMG-20250811-WA0195-1536x1023.jpg 1536w, https:\/\/diariodigitalmx.com\/wp-content\/uploads\/2025\/08\/IMG-20250811-WA0195.jpg 1600w\" sizes=\"(max-width: 1024px) 100vw, 1024px\" \/><\/figure>\n\n\n\n<p>Pero sin bajar la guardia y buscando lavar su desatino, los del Bremen se lanzaron nuevamente con todo al frente, alcanzando la recompensa con el tanto de cuando Alejandro Rayas metros adelante de la media cancha solt\u00f3 un fuerte disparo que se col\u00f3 por el centro de la porter\u00eda para dar el 2-1y colocarlos adelante nuevamente, ventaja aumentada por Dani Ch\u00e1vez al inicio del segundo tiempo con el 3-1 favorable a su equipo.<\/p>\n\n\n\n<p>Pero Juli\u00e1n Hern\u00e1ndez sembrando rivales a su paso acercaba a los del Forza con el 3-2, despert\u00e1ndolos de su adormilado accionar, pero Alfredo Rodr\u00edguez apacigu\u00f3 con el 4-2 la insurrecci\u00f3n con un potente disparo al \u00e1ngulo superior derecho, mientras que Jes\u00fas Navarro con un remate a ras del sint\u00e9tico colocar\u00eda el 5-2 que parec\u00eda letal para los del Bremen, pero Arturo Pineda, sacado fuerzas de la flaqueza de su equipo lo acercar\u00eda con un 5-3 en la pizarra, sin embargo C\u00e9sar Otero con un ca\u00f1onazo de bolea, recuperaba la tranquilidad del Bremen con el 6-3, pero un sorpresivo testarazo de Arturo Rodr\u00edguez acercar\u00eda con el 6-5 al Forza, dejando calientitos los \u00faltimos minutos de juego.<\/p>\n\n\n\n<figure class=\"wp-block-gallery has-nested-images columns-default is-cropped wp-block-gallery-1 is-layout-flex wp-block-gallery-is-layout-flex\">\n<figure class=\"wp-block-image size-large\"><img loading=\"lazy\" decoding=\"async\" width=\"1024\" height=\"682\" data-id=\"138617\" src=\"https:\/\/diariodigitalmx.com\/wp-content\/uploads\/2025\/08\/IMG-20250811-WA0198-1024x682.jpg\" alt=\"\" class=\"wp-image-138617\" srcset=\"https:\/\/diariodigitalmx.com\/wp-content\/uploads\/2025\/08\/IMG-20250811-WA0198-1024x682.jpg 1024w, https:\/\/diariodigitalmx.com\/wp-content\/uploads\/2025\/08\/IMG-20250811-WA0198-300x200.jpg 300w, https:\/\/diariodigitalmx.com\/wp-content\/uploads\/2025\/08\/IMG-20250811-WA0198-768x512.jpg 768w, https:\/\/diariodigitalmx.com\/wp-content\/uploads\/2025\/08\/IMG-20250811-WA0198-1536x1023.jpg 1536w, https:\/\/diariodigitalmx.com\/wp-content\/uploads\/2025\/08\/IMG-20250811-WA0198.jpg 1600w\" sizes=\"(max-width: 1024px) 100vw, 1024px\" \/><\/figure>\n\n\n\n<figure class=\"wp-block-image size-large\"><img loading=\"lazy\" decoding=\"async\" width=\"1024\" height=\"682\" data-id=\"138618\" src=\"https:\/\/diariodigitalmx.com\/wp-content\/uploads\/2025\/08\/IMG-20250811-WA0196-1024x682.jpg\" alt=\"\" class=\"wp-image-138618\" srcset=\"https:\/\/diariodigitalmx.com\/wp-content\/uploads\/2025\/08\/IMG-20250811-WA0196-1024x682.jpg 1024w, https:\/\/diariodigitalmx.com\/wp-content\/uploads\/2025\/08\/IMG-20250811-WA0196-300x200.jpg 300w, https:\/\/diariodigitalmx.com\/wp-content\/uploads\/2025\/08\/IMG-20250811-WA0196-768x512.jpg 768w, https:\/\/diariodigitalmx.com\/wp-content\/uploads\/2025\/08\/IMG-20250811-WA0196-1536x1023.jpg 1536w, https:\/\/diariodigitalmx.com\/wp-content\/uploads\/2025\/08\/IMG-20250811-WA0196.jpg 1600w\" sizes=\"(max-width: 1024px) 100vw, 1024px\" \/><\/figure>\n<\/figure>\n\n\n\n<p>Mientras que Edson R\u00edos en una veloz descolgada de su equipo daba el 7-5 en medio de un mar de piernas dentro del \u00e1rea, y haciendo lo propio Alejandro Rayas daba lo que se cre\u00eda era la puntilla con el 8-5 para los del Bremen, pero para sorpresa de todos u nuevo autogol del Bremen dejaba el marcador final de 8-6 que a pesar del infortunio, no evitar\u00eda que se llevaran el t\u00edtulo.<\/p>\n\n\n\n<p>DESCARRILA PROTEC A LA ESTACI\u00d3N MITRAS.<\/p>\n\n\n\n<p>En medio de juego cl\u00e1sico del f\u00fatbol 7 dominical de la Liga CasaBella, los equipos de Protec y Estaci\u00f3n Mitras daban paso a la gran final del Torneo de Liga.<\/p>\n\n\n\n<figure class=\"wp-block-image size-large\"><img loading=\"lazy\" decoding=\"async\" width=\"1024\" height=\"682\" src=\"https:\/\/diariodigitalmx.com\/wp-content\/uploads\/2025\/08\/IMG-20250811-WA0202-1024x682.jpg\" alt=\"\" class=\"wp-image-138620\" srcset=\"https:\/\/diariodigitalmx.com\/wp-content\/uploads\/2025\/08\/IMG-20250811-WA0202-1024x682.jpg 1024w, https:\/\/diariodigitalmx.com\/wp-content\/uploads\/2025\/08\/IMG-20250811-WA0202-300x200.jpg 300w, https:\/\/diariodigitalmx.com\/wp-content\/uploads\/2025\/08\/IMG-20250811-WA0202-768x512.jpg 768w, https:\/\/diariodigitalmx.com\/wp-content\/uploads\/2025\/08\/IMG-20250811-WA0202-1536x1023.jpg 1536w, https:\/\/diariodigitalmx.com\/wp-content\/uploads\/2025\/08\/IMG-20250811-WA0202.jpg 1600w\" sizes=\"(max-width: 1024px) 100vw, 1024px\" \/><\/figure>\n\n\n\n<p>Las acciones dieron comienzo con un partido convertido en un verdadero ajedrez humano, lleno de estrategias y amagues de peligro, hasta que al minuto 8 del primer tiempo Francisco Ram\u00edrez dar\u00eda la ventaja al Protec de 1-0, solitaria anotaci\u00f3n que prevalecer\u00eda hasta los primeros minutos del segundo tiempo, cuando Jorge Carvajal colocar\u00eda el 1-1 para los del Mitras.<\/p>\n\n\n\n<figure class=\"wp-block-image size-large\"><img loading=\"lazy\" decoding=\"async\" width=\"1024\" height=\"682\" src=\"https:\/\/diariodigitalmx.com\/wp-content\/uploads\/2025\/08\/IMG-20250811-WA0201-1024x682.jpg\" alt=\"\" class=\"wp-image-138621\" srcset=\"https:\/\/diariodigitalmx.com\/wp-content\/uploads\/2025\/08\/IMG-20250811-WA0201-1024x682.jpg 1024w, https:\/\/diariodigitalmx.com\/wp-content\/uploads\/2025\/08\/IMG-20250811-WA0201-300x200.jpg 300w, https:\/\/diariodigitalmx.com\/wp-content\/uploads\/2025\/08\/IMG-20250811-WA0201-768x512.jpg 768w, https:\/\/diariodigitalmx.com\/wp-content\/uploads\/2025\/08\/IMG-20250811-WA0201-1536x1023.jpg 1536w, https:\/\/diariodigitalmx.com\/wp-content\/uploads\/2025\/08\/IMG-20250811-WA0201.jpg 1600w\" sizes=\"(max-width: 1024px) 100vw, 1024px\" \/><\/figure>\n\n\n\n<p>Con gritos de gol ahogados de goles que no ca\u00edan continuaban las acciones del encuentro, donde nadie lograba ejercer su dominio, siendo los del Protec, quien se destrabar\u00eda el nudo, con la anotaci\u00f3n de Edgar \u201cChapa\u201d Flores, quien a pesar de su veteran\u00eda, ejerc\u00eda liderazgo en el sint\u00e9tico colocando el 2-1 en el marcador, mismo que Edgar Herrera con el 3-1 daba el t\u00edtulo de campe\u00f3n de Liga a su equipo frente a un viejo rival que nunca bajo los brazos a pesar de la derrota.<\/p>\n\n\n\n<figure class=\"wp-block-image size-large\"><img loading=\"lazy\" decoding=\"async\" width=\"1024\" height=\"959\" src=\"https:\/\/diariodigitalmx.com\/wp-content\/uploads\/2025\/08\/IMG-20250811-WA0204-1024x959.jpg\" alt=\"\" class=\"wp-image-138623\" srcset=\"https:\/\/diariodigitalmx.com\/wp-content\/uploads\/2025\/08\/IMG-20250811-WA0204-1024x959.jpg 1024w, https:\/\/diariodigitalmx.com\/wp-content\/uploads\/2025\/08\/IMG-20250811-WA0204-300x281.jpg 300w, https:\/\/diariodigitalmx.com\/wp-content\/uploads\/2025\/08\/IMG-20250811-WA0204-768x719.jpg 768w, https:\/\/diariodigitalmx.com\/wp-content\/uploads\/2025\/08\/IMG-20250811-WA0204.jpg 1066w\" sizes=\"(max-width: 1024px) 100vw, 1024px\" \/><\/figure>\n\n\n\n<p>Al final del partido Carlos L\u00f3pez del equipo Halcones recibi\u00f3 su trofeo como el Campe\u00f3n de Goleo del torneo, con 29 tantos.<\/p>\n","protected":false},"excerpt":{"rendered":"<p>Por: Ra\u00fal E. Guevara Ortiz\/Prensa LCB.- Dejando de lado lo \u201cmodorro\u201d de la ma\u00f1ana dominical, los equipos Bremen y Protec disfrutaron el sabor de la victoria despu\u00e9s de entregarse totalmente y llevarse los t\u00edtulos los torneos de Copa y de Liga de la Liga CasaBella. Sin importar dejar de lado la suculenta barbacoa o el [&hellip;]<\/p>\n","protected":false},"author":1,"featured_media":138614,"comment_status":"open","ping_status":"open","sticky":false,"template":"","format":"standard","meta":{"footnotes":""},"categories":[8],"tags":[],"_links":{"self":[{"href":"https:\/\/diariodigitalmx.com\/index.php\/wp-json\/wp\/v2\/posts\/138612"}],"collection":[{"href":"https:\/\/diariodigitalmx.com\/index.php\/wp-json\/wp\/v2\/posts"}],"about":[{"href":"https:\/\/diariodigitalmx.com\/index.php\/wp-json\/wp\/v2\/types\/post"}],"author":[{"embeddable":true,"href":"https:\/\/diariodigitalmx.com\/index.php\/wp-json\/wp\/v2\/users\/1"}],"replies":[{"embeddable":true,"href":"https:\/\/diariodigitalmx.com\/index.php\/wp-json\/wp\/v2\/comments?post=138612"}],"version-history":[{"count":3,"href":"https:\/\/diariodigitalmx.com\/index.php\/wp-json\/wp\/v2\/posts\/138612\/revisions"}],"predecessor-version":[{"id":138624,"href":"https:\/\/diariodigitalmx.com\/index.php\/wp-json\/wp\/v2\/posts\/138612\/revisions\/138624"}],"wp:featuredmedia":[{"embeddable":true,"href":"https:\/\/diariodigitalmx.com\/index.php\/wp-json\/wp\/v2\/media\/138614"}],"wp:attachment":[{"href":"https:\/\/diariodigitalmx.com\/index.php\/wp-json\/wp\/v2\/media?parent=138612"}],"wp:term":[{"taxonomy":"category","embeddable":true,"href":"https:\/\/diariodigitalmx.com\/index.php\/wp-json\/wp\/v2\/categories?post=138612"},{"taxonomy":"post_tag","embeddable":true,"href":"https:\/\/diariodigitalmx.com\/index.php\/wp-json\/wp\/v2\/tags?post=138612"}],"curies":[{"name":"wp","href":"https:\/\/api.w.org\/{rel}","templated":true}]}}