{"id":138643,"date":"2025-08-15T05:41:13","date_gmt":"2025-08-15T11:41:13","guid":{"rendered":"https:\/\/diariodigitalmx.com\/?p=138643"},"modified":"2025-08-15T05:47:41","modified_gmt":"2025-08-15T11:47:41","slug":"los-subalternos-de-la-rienda-corta","status":"publish","type":"post","link":"https:\/\/diariodigitalmx.com\/index.php\/2025\/08\/15\/los-subalternos-de-la-rienda-corta\/","title":{"rendered":"Los subalternos de la rienda corta"},"content":{"rendered":"\n<p>Gerson G\u00f3mez Salas<\/p>\n\n\n\n<p>M\u00e9xico hace lo que le decimos. Tambi\u00e9n Canad\u00e1.<\/p>\n\n\n\n<p>&nbsp;Pensamos en los 120 millones de connacionales votando. En el ejercicio de la democracia plena, genuina.<\/p>\n\n\n\n<p>Desde la primera y despu\u00e9s en la segunda asunci\u00f3n a la presidencia de los Estados Unidos Americanos, Donald Trump coloc\u00f3 al filo del precipicio el sistema mundial. De Davos, los entreperneurs de abolengo y la alta plutocracia lo consideran aliado.<\/p>\n\n\n\n<p>En nuestro pa\u00eds, existe la figura tambi\u00e9n, de un privilegiado transexenal.<\/p>\n\n\n\n<p>Nacido en la ciudad de Cuernavaca Morelos, el 25 de febrero de 1982, Omar Garc\u00eda Harfuch hijo de Javier Garc\u00eda Paniagua, pol\u00edtico con experiencia en instituciones de seguridad en los a\u00f1os sesenta y setenta, titular de la Direcci\u00f3n Federal de Seguridad, durante el periodo de la Guerra Sucia en el sexenio del presidente Jos\u00e9 L\u00f3pez Portillo y presidente nacional del Partido Revolucionario Institucional, y esposo de la actriz Mar\u00eda Sort\u00e9.<\/p>\n\n\n\n<p>Tambien es nieto, adem\u00e1s, de Marcelino Garc\u00eda Barrag\u00e1n, militar revolucionario, gobernador de Jalisco y secretario de la Defensa Nacional de 1964 a 1970, en el gobierno de Gustavo D\u00edaz Ordaz; figura controvertida por su relaci\u00f3n con la masacre de Tlatelolco.<\/p>\n\n\n\n<p>Omar Garc\u00eda Harfuch licenciado en Derecho por la Universidad Continental, licenciado en Seguridad P\u00fablica y Maestro en Administraci\u00f3n P\u00fablica por la Universidad del Valle de M\u00e9xico. Cuenta con estudios de especializaci\u00f3n en seguridad en la Universidad de Harvard y en el Bur\u00f3 Federal de Investigaciones y la Administraci\u00f3n para el Control de Drogas de los Estados Unidos.<\/p>\n\n\n\n<p>A sus 25 a\u00f1os, dej\u00f3 los a\u00f1os sab\u00e1ticos e ingres\u00f3 como jefe de departamento en la entonces Polic\u00eda Federal Preventiva de la Secretar\u00eda de Seguridad P\u00fablica, durante el gobierno de Felipe Calder\u00f3n.<\/p>\n\n\n\n<p>Ha sido jefe de departamento, posteriormente a director de \u00e1rea, coordinador en el estado de Guerrero y jefe de la divisi\u00f3n de Investigaci\u00f3n.<\/p>\n\n\n\n<p>Al encabezar formalmente la Polic\u00eda Federal en Guerrero, ocurri\u00f3 la desaparici\u00f3n forzada de 43 estudiantes de la Escuela Normal Rural de Ayotzinapa en la ciudad de Iguala, el 26 de septiembre de 2014<\/p>\n\n\n\n<p>El 9 de noviembre de 2016, en el gobierno de Enrique Pe\u00f1a Nieto, fue nombrado comisionado de la Agencia de Investigaci\u00f3n Criminal de la Fiscal\u00eda General de la Rep\u00fablica.<\/p>\n\n\n\n<p>En junio de 2019 la jefa de gobierno de la Ciudad de M\u00e9xico, Claudia Sheinbaum, lo nombr\u00f3 jefe de la Polic\u00eda de Investigaci\u00f3n de la entonces Procuradur\u00eda de la Ciudad de M\u00e9xico, as\u00ed como coordinador de Inteligencia de su gabinete de Seguridad.<\/p>\n\n\n\n<p>Nos preocupa este super polic\u00eda transexenal. Ha acumulado tanto poder. A sus 42 a\u00f1os, en ello no precisa la edad, para conocer la constituci\u00f3n.<\/p>\n\n\n\n<p>El abogado Omar Garc\u00eda Harfuch menciona conocer los vuelos de USA sobre territorio mexicano, violando la soberan\u00eda nacional.<\/p>\n\n\n\n<p>Dice es una operaci\u00f3n coordinada. Buscando objetivos clave de la Familia Michoacana y el CJNG.<\/p>\n\n\n\n<p>El super secretario sue\u00f1a con presidir la naci\u00f3n. En \u00e9pocas del nacionalismo mexicano, habr\u00eda ya presentado su renuncia. Eso esperamos. Por decencia y gratitud al pa\u00eds.<\/p>\n","protected":false},"excerpt":{"rendered":"<p>Gerson G\u00f3mez Salas M\u00e9xico hace lo que le decimos. Tambi\u00e9n Canad\u00e1. &nbsp;Pensamos en los 120 millones de connacionales votando. En el ejercicio de la democracia plena, genuina. Desde la primera y despu\u00e9s en la segunda asunci\u00f3n a la presidencia de los Estados Unidos Americanos, Donald Trump coloc\u00f3 al filo del precipicio el sistema mundial. De [&hellip;]<\/p>\n","protected":false},"author":1,"featured_media":138649,"comment_status":"open","ping_status":"open","sticky":false,"template":"","format":"standard","meta":{"footnotes":""},"categories":[12],"tags":[],"_links":{"self":[{"href":"https:\/\/diariodigitalmx.com\/index.php\/wp-json\/wp\/v2\/posts\/138643"}],"collection":[{"href":"https:\/\/diariodigitalmx.com\/index.php\/wp-json\/wp\/v2\/posts"}],"about":[{"href":"https:\/\/diariodigitalmx.com\/index.php\/wp-json\/wp\/v2\/types\/post"}],"author":[{"embeddable":true,"href":"https:\/\/diariodigitalmx.com\/index.php\/wp-json\/wp\/v2\/users\/1"}],"replies":[{"embeddable":true,"href":"https:\/\/diariodigitalmx.com\/index.php\/wp-json\/wp\/v2\/comments?post=138643"}],"version-history":[{"count":1,"href":"https:\/\/diariodigitalmx.com\/index.php\/wp-json\/wp\/v2\/posts\/138643\/revisions"}],"predecessor-version":[{"id":138644,"href":"https:\/\/diariodigitalmx.com\/index.php\/wp-json\/wp\/v2\/posts\/138643\/revisions\/138644"}],"wp:featuredmedia":[{"embeddable":true,"href":"https:\/\/diariodigitalmx.com\/index.php\/wp-json\/wp\/v2\/media\/138649"}],"wp:attachment":[{"href":"https:\/\/diariodigitalmx.com\/index.php\/wp-json\/wp\/v2\/media?parent=138643"}],"wp:term":[{"taxonomy":"category","embeddable":true,"href":"https:\/\/diariodigitalmx.com\/index.php\/wp-json\/wp\/v2\/categories?post=138643"},{"taxonomy":"post_tag","embeddable":true,"href":"https:\/\/diariodigitalmx.com\/index.php\/wp-json\/wp\/v2\/tags?post=138643"}],"curies":[{"name":"wp","href":"https:\/\/api.w.org\/{rel}","templated":true}]}}